{"id":1243,"date":"2020-12-22T12:07:04","date_gmt":"2020-12-22T11:07:04","guid":{"rendered":"https:\/\/www.gymbrv.de\/?p=1243"},"modified":"2021-02-21T13:42:51","modified_gmt":"2021-02-21T12:42:51","slug":"vorlesewettbewerb-des-5-und-6-jahrgangs","status":"publish","type":"post","link":"https:\/\/www.gymbrv.de\/index.php\/2020\/12\/22\/vorlesewettbewerb-des-5-und-6-jahrgangs\/","title":{"rendered":"Vorlesewettbewerb des 5. und 6. Jahrgangs"},"content":{"rendered":"\n<div class=\"wp-block-image\"><figure class=\"alignleft size-large is-resized\"><img loading=\"lazy\" decoding=\"async\" src=\"https:\/\/www.gymbrv.de\/wp-content\/uploads\/2020\/12\/Vorlesewettbewerb_Plakat_2020_21-723x1024.jpg\" alt=\"\" class=\"wp-image-1246\" width=\"223\" height=\"315\" srcset=\"https:\/\/www.gymbrv.de\/wp-content\/uploads\/2020\/12\/Vorlesewettbewerb_Plakat_2020_21-723x1024.jpg 723w, https:\/\/www.gymbrv.de\/wp-content\/uploads\/2020\/12\/Vorlesewettbewerb_Plakat_2020_21-212x300.jpg 212w, https:\/\/www.gymbrv.de\/wp-content\/uploads\/2020\/12\/Vorlesewettbewerb_Plakat_2020_21-768x1087.jpg 768w, https:\/\/www.gymbrv.de\/wp-content\/uploads\/2020\/12\/Vorlesewettbewerb_Plakat_2020_21-1085x1536.jpg 1085w, https:\/\/www.gymbrv.de\/wp-content\/uploads\/2020\/12\/Vorlesewettbewerb_Plakat_2020_21-1447x2048.jpg 1447w, https:\/\/www.gymbrv.de\/wp-content\/uploads\/2020\/12\/Vorlesewettbewerb_Plakat_2020_21-scaled.jpg 1808w\" sizes=\"(max-width: 223px) 100vw, 223px\" \/><\/figure><\/div>\n\n\n\n<p>Lautstark und mit zahlreichen Plakaten wurden die Klassensieger des Vorlesewettbewerbs am 10.12.2020 in der Aula des Gymnasiums Bremerv\u00f6rde empfangen. Ihre Mitsch\u00fcler des 5. und 6. Jahrgangs hatten sich ordentlich ins Zeug gelegt, um ihre Klassensieger anzufeuern.<\/p>\n\n\n\n<p>Sowohl Herr Dr. Strohbach als auch Herr Bollmeier richteten einleitende Worte zum Ablauf des Lesewettbewerbs an die Anwesenden \u2013 und dann ging es endlich los: Vier Sch\u00fcler\/innen des 5. Jahrgangs lasen nacheinander kurze Ausz\u00fcge aus ihren B\u00fcchern vor: Thees Wilshusen (5a), Hanna Groenewold (5b), Maire Feindt (5c) und Hanna Burmester (5d).<\/p>\n\n\n\n<div class=\"wp-block-image is-style-default\"><figure class=\"alignright size-large is-resized\"><img loading=\"lazy\" decoding=\"async\" src=\"https:\/\/www.gymbrv.de\/wp-content\/uploads\/2020\/12\/Thees-Wilshusen-5a-Liest-1280x768-1.jpg\" alt=\"\" class=\"wp-image-1244\" width=\"345\" height=\"259\" srcset=\"https:\/\/www.gymbrv.de\/wp-content\/uploads\/2020\/12\/Thees-Wilshusen-5a-Liest-1280x768-1.jpg 1024w, https:\/\/www.gymbrv.de\/wp-content\/uploads\/2020\/12\/Thees-Wilshusen-5a-Liest-1280x768-1-300x225.jpg 300w, https:\/\/www.gymbrv.de\/wp-content\/uploads\/2020\/12\/Thees-Wilshusen-5a-Liest-1280x768-1-768x576.jpg 768w, https:\/\/www.gymbrv.de\/wp-content\/uploads\/2020\/12\/Thees-Wilshusen-5a-Liest-1280x768-1-100x75.jpg 100w\" sizes=\"(max-width: 345px) 100vw, 345px\" \/><figcaption>Der Sieger des 5. Jahrgangs: Thees Wilshusen<\/figcaption><\/figure><\/div>\n\n\n\n<p>Spannung lag in der Luft, als sich die Jury, die aus Sch\u00fclerinnen und Sch\u00fclern des 12. Jahrgangs bestand, zur Beratung zur\u00fcckzog. Um die Zeit zu \u00fcberbr\u00fccken, las nunmehr Herr Holler etwas vor. Dann stand die Entscheidung fest: Den Wettbewerb entschied Thees Wilshusen, Sch\u00fcler der Klasse 5a, mit \u201eAn der Arche um Acht\u201c von Ulrich Hub f\u00fcr sich, seinem Lieblingsbuch. \u201eIch habe mir Stellen markiert und es oft zu Hause vorgestellt und gelesen\u201c, teilte er uns sp\u00e4ter mit. Und das hat sich gelohnt!<\/p>\n\n\n\n<p>Nun waren die Sechstkl\u00e4ssler dran: Die Klassensieger Jella Schr\u00f6tke (6a), Carolina Witz (6b), Paul Schr\u00f6der (6c) und Wido R\u00fcdiger (6d) stellten ihre B\u00fccher vor und lasen \u2013 im Gegensatz zum 5. Jahrgang \u2013 sowohl einen vorbereiteten Text als auch einen Fremdtext vor. Auch hier fiel die Entscheidung, wie Christian Lust aus dem Leistungskurs Deutsch mitteilte, nicht leicht.<\/p>\n\n\n\n<div class=\"wp-block-image\"><figure class=\"alignleft size-large is-resized\"><img loading=\"lazy\" decoding=\"async\" src=\"https:\/\/www.gymbrv.de\/wp-content\/uploads\/2020\/12\/Wido-Ruediger-6d-liest-1280x768-1.jpg\" alt=\"\" class=\"wp-image-1245\" width=\"356\" height=\"267\" srcset=\"https:\/\/www.gymbrv.de\/wp-content\/uploads\/2020\/12\/Wido-Ruediger-6d-liest-1280x768-1.jpg 1024w, https:\/\/www.gymbrv.de\/wp-content\/uploads\/2020\/12\/Wido-Ruediger-6d-liest-1280x768-1-300x225.jpg 300w, https:\/\/www.gymbrv.de\/wp-content\/uploads\/2020\/12\/Wido-Ruediger-6d-liest-1280x768-1-768x576.jpg 768w, https:\/\/www.gymbrv.de\/wp-content\/uploads\/2020\/12\/Wido-Ruediger-6d-liest-1280x768-1-100x75.jpg 100w\" sizes=\"(max-width: 356px) 100vw, 356px\" \/><figcaption>Der Sieger des 6. Jahrgangs: Wido R\u00fcdiger<\/figcaption><\/figure><\/div>\n\n\n\n<p>Schlie\u00dflich wurde Wido R\u00fcdiger, der mit \u201eCharlie Bone und das Schloss der tausend Spiegel\u201c von Jenny Nimmo angetreten war, zum Sieger gek\u00fcrt, der nun am Wettbewerb des B\u00f6rsenvereins des deutschen Buchhandels teilnimmt. Er vertritt unser Gymnasium damit im Kreisentscheid in Rotenburg. Wir dr\u00fccken ihm die Daumen, dass er vielleicht sogar den Bezirks- und Landesentscheid f\u00fcr sich entscheidet und letztendlich zum Bundesentscheid nach Berlin f\u00e4hrt.<\/p>\n\n\n\n<p><\/p>\n\n\n\n<p>Die Interviews wurden durchgef\u00fchrt vom Jahrbuch-Team: Leonie K\u00fcck (8c), Levke Bredeh\u00f6ft (8c), Lina Grude (8b), Marie-Lotta Presler (8b)<\/p>\n","protected":false},"excerpt":{"rendered":"<p>Lautstark und mit zahlreichen Plakaten wurden die Klassensieger des Vorlesewettbewerbs am 10.12.2020 in der Aula des Gymnasiums Bremerv\u00f6rde empfangen. Ihre Mitsch\u00fcler des 5. und 6. Jahrgangs hatten sich ordentlich ins Zeug gelegt, um ihre Klassensieger anzufeuern.<\/p>\n","protected":false},"author":2,"featured_media":0,"comment_status":"closed","ping_status":"open","sticky":false,"template":"","format":"standard","meta":{"footnotes":""},"categories":[1,4],"tags":[],"_links":{"self":[{"href":"https:\/\/www.gymbrv.de\/index.php\/wp-json\/wp\/v2\/posts\/1243"}],"collection":[{"href":"https:\/\/www.gymbrv.de\/index.php\/wp-json\/wp\/v2\/posts"}],"about":[{"href":"https:\/\/www.gymbrv.de\/index.php\/wp-json\/wp\/v2\/types\/post"}],"author":[{"embeddable":true,"href":"https:\/\/www.gymbrv.de\/index.php\/wp-json\/wp\/v2\/users\/2"}],"replies":[{"embeddable":true,"href":"https:\/\/www.gymbrv.de\/index.php\/wp-json\/wp\/v2\/comments?post=1243"}],"version-history":[{"count":2,"href":"https:\/\/www.gymbrv.de\/index.php\/wp-json\/wp\/v2\/posts\/1243\/revisions"}],"predecessor-version":[{"id":1249,"href":"https:\/\/www.gymbrv.de\/index.php\/wp-json\/wp\/v2\/posts\/1243\/revisions\/1249"}],"wp:attachment":[{"href":"https:\/\/www.gymbrv.de\/index.php\/wp-json\/wp\/v2\/media?parent=1243"}],"wp:term":[{"taxonomy":"category","embeddable":true,"href":"https:\/\/www.gymbrv.de\/index.php\/wp-json\/wp\/v2\/categories?post=1243"},{"taxonomy":"post_tag","embeddable":true,"href":"https:\/\/www.gymbrv.de\/index.php\/wp-json\/wp\/v2\/tags?post=1243"}],"curies":[{"name":"wp","href":"https:\/\/api.w.org\/{rel}","templated":true}]}}