{"id":1316,"date":"2020-12-24T14:49:40","date_gmt":"2020-12-24T13:49:40","guid":{"rendered":"https:\/\/www.gymbrv.de\/?p=1316"},"modified":"2021-02-21T13:42:18","modified_gmt":"2021-02-21T12:42:18","slug":"mitteilungen-aus-der-schule-23-12-20","status":"publish","type":"post","link":"https:\/\/www.gymbrv.de\/index.php\/2020\/12\/24\/mitteilungen-aus-der-schule-23-12-20\/","title":{"rendered":"Mitteilungen aus der Schule (23.12.20)"},"content":{"rendered":"\n<div class=\"wp-block-file\"><a href=\"https:\/\/www.gymbrv.de\/wp-content\/uploads\/2020\/12\/Schulmitteilungen-2020-23-12.pdf\" class=\"wp-block-file__button\" download>PDF herunterladen<\/a><\/div>\n\n\n\n<p>Liebe Erziehungsberechtigte, liebe Sch\u00fclerinnen und Sch\u00fcler,<\/p>\n\n\n\n<p>ein f\u00fcr uns alle schwieriges Kalenderjahr neigt sich dem Ende entgegen, ein Jahr, dem das Corona-Virus seinen Stempel aufdr\u00fcckte. Wir alle mussten sowohl in der Schule als auch im privaten Bereich Einschr\u00e4nkungen hinnehmen und auf viele gewohnte Aktivit\u00e4ten verzichten. Die f\u00fcr dieGesundheit der Sch\u00fcler*Innen sowie der Lehrkr\u00e4fte getroffenen Ma\u00dfnahmen haben bislang gut funktioniert, auch weil sich besonders unsere Sch\u00fcler*Innen sehr gut an die Hygienema\u00dfnahmen gehalten haben. Dar\u00fcber bin ich pers\u00f6nlich sehr stolz und danke allen Sch\u00fcler*Innen!<\/p>\n\n\n\n<p>Ich m\u00f6chte mich f\u00fcr die Verwirrungen entschuldigen, die durch die Kehrtwende der Politik in Sachen Pr\u00e4senzunterricht entstanden sind. Am Donnerstag, 10.12. lautete der Grundtenor noch, m\u00f6glichst viele Sch\u00fcler*Innen im Pr\u00e4senzunterricht zu halten, am Sonntag, 13.12. hie\u00df es dann, m\u00f6glichst alle Sch\u00fcler*Innen in das Distanz-Lernen zu schicken. Nicht nur f\u00fcr Sie als Erziehungsberechtigte, sondern auch f\u00fcr uns Lehrkr\u00e4fte bedeutete dies vielf\u00e4ltige Planungs\u00e4nderungen und damit verbundenen Stress. Ich hoffe, dass uns derartige Situationen im neuen Jahr erspart bleiben.<\/p>\n\n\n\n<p>Aufgrund der Erfahrungen mit unterschiedlichen Verf\u00fcgungen des Ministeriums im Dezember l\u00e4sst sich kein Ausblick auf den Schulstart im neuen Jahr wagen. Es bleibt leider abzuwarten, wie sich die Gesamtsituation und die Inzidenzzahlen entwickeln werden. Dementsprechend ist anzunehmen, dass es kurz vor dem geplanten Schulstart am 11. Januar 2021 eine entsprechende Anweisung aus Hannover geben wird. Aus dem Grunde m\u00f6chten wir keine endg\u00fcltigen Prognosen wagen, wann und in welchem Szenario der Unterricht im neuen Jahr wieder aufgenommen werden wird, und k\u00f6nnen nur um Geduld bitten.<\/p>\n\n\n\n<p>Wir verbleiben vorerst bei der auf IServ \u00fcbermittelten Planung f\u00fcr den Schulbeginn im Szenario B. Die f\u00fcr den Januar angek\u00fcndigten bzw. verschobenen Klassenarbeiten, Klausuren und Sprechpr\u00fcfungen werden wie vermerkt stattfinden m\u00fcssen.<\/p>\n\n\n\n<p>Sollte der Schulstart wie geplant im Szenario B erfolgen, l\u00e4sst es sich leider aufgrund verschiedener Ursachen nicht vermeiden, dass alle Sch\u00fcler*Innen einer Klasse \/ eines Kurses zum Termin der Leistungskontrolle in der Schule erscheinen m\u00fcssen. Dabei k\u00f6nnen wir auf unser bew\u00e4hrtes Hygienekonzept vertrauen. Genauere Angaben zur detaillierten Umsetzung werden aus oben genannten Gr\u00fcnden zum Schulstart bekannt gegeben.<\/p>\n\n\n\n<p>Seit Beginn des Schuljahres stellt die Breitbandkapazit\u00e4t immer wieder und zunehmend ein \u00c4rgernis dar. Nach einer \u201eKrisensitzung\u201c mit den IT-Verantwortlichen der Verwaltung des Landkreises sind erste Verbesserungen erkennbar, uns wurde nun zugesagt, dass die Breitbandkapazit\u00e4t soweit erh\u00f6ht wird, dass wir im Januar mit allen Lerngruppen simultan den Pr\u00e4senzunterricht der Teilgruppen den Sch\u00fcler*Innen im Home-Office per Videokonferenz zug\u00e4ngig machen k\u00f6nnen. Im T-Deck wurden dazu schon ein neuer Server und entsprechende Access-Points installiert.<\/p>\n\n\n\n<p>Bei der Besetzung der beiden ausgeschriebenen Stellen konnten wir Herrn DR. J\u00d6RG CARSTEN (Biologie, Chemie) gewinnen. Die zweite Stelle konnte bis jetzt noch nicht besetzt werden, wir haben die Hoffnung aber noch nicht aufgegeben, diese bis zum Februar 2021 zu besetzten.<\/p>\n\n\n\n<p>Im zweiten Halbjahr werden wir zwei neue Referendarinnen begr\u00fc\u00dfen d\u00fcrfen: Frau REGINA EITENEIER (Biologie, Englisch) und Frau MARSHA KLETTKE (Biologie, Mathematik).<\/p>\n\n\n\n<p>Zudem wird Frau ANNE HELLMI\u00df uns bis zu den Sommerferien als \u201eFeuerwehrlehrkraft\u201c in Deutsch unterst\u00fctzen.<\/p>\n\n\n\n<p>Frau ANNIKA POPPE wird im Rahmen des \u201eMinijob-Programms des Kultusministeriums\u201c uns bis zu den Sommerferien ebenfalls schulisch unterst\u00fctzen.<\/p>\n\n\n\n<p>Doch nunmehr stehen Weihnachten und Silvester vor der T\u00fcr und die erweiterte Schulleitung sowie das Kollegium des Gymnasiums Bremerv\u00f6rde w\u00fcnschen Ihnen gesegnete Festtage im engsten Kreis der Familie und einen guten Start ins neue Jahr. Genie\u00dfen Sie \/ genie\u00dft die festlichen Tage und achten Sie \/ achtet auf Ihre \/ eure Gesundheit. Es sei mir in diesem Zusammenhang erlaubt, die Hoffnung zu formulieren, dass wir uns alle gesund im neuen Jahr in unserer Schule wiedersehen werden.<\/p>\n\n\n\n<p>In diesem Sinne verbleibe ich mit den besten W\u00fcnschen dazu<\/p>\n\n\n\n<p>Dr. Uwe Strohbach<br>(StD, komm. Schulleiter, stellvertretend f\u00fcr die erweiterte Schulleitung und das Kollegium des Gymnasiums Bremerv\u00f6rde)<\/p>\n\n\n\n<div class=\"wp-block-image\"><figure class=\"aligncenter size-large\"><img loading=\"lazy\" decoding=\"async\" width=\"600\" height=\"300\" src=\"https:\/\/www.gymbrv.de\/wp-content\/uploads\/2020\/12\/img-003.png\" alt=\"\" class=\"wp-image-1318\" srcset=\"https:\/\/www.gymbrv.de\/wp-content\/uploads\/2020\/12\/img-003.png 600w, https:\/\/www.gymbrv.de\/wp-content\/uploads\/2020\/12\/img-003-300x150.png 300w\" sizes=\"(max-width: 600px) 100vw, 600px\" \/><\/figure><\/div>\n","protected":false},"excerpt":{"rendered":"<p>Ein f\u00fcr uns alle schwieriges Kalenderjahr neigt sich dem Ende entgegen, ein Jahr, dem das Corona-Virus seinen Stempel aufdr\u00fcckte.<\/p>\n","protected":false},"author":1,"featured_media":1319,"comment_status":"closed","ping_status":"open","sticky":false,"template":"","format":"standard","meta":{"footnotes":""},"categories":[1,6],"tags":[],"_links":{"self":[{"href":"https:\/\/www.gymbrv.de\/index.php\/wp-json\/wp\/v2\/posts\/1316"}],"collection":[{"href":"https:\/\/www.gymbrv.de\/index.php\/wp-json\/wp\/v2\/posts"}],"about":[{"href":"https:\/\/www.gymbrv.de\/index.php\/wp-json\/wp\/v2\/types\/post"}],"author":[{"embeddable":true,"href":"https:\/\/www.gymbrv.de\/index.php\/wp-json\/wp\/v2\/users\/1"}],"replies":[{"embeddable":true,"href":"https:\/\/www.gymbrv.de\/index.php\/wp-json\/wp\/v2\/comments?post=1316"}],"version-history":[{"count":1,"href":"https:\/\/www.gymbrv.de\/index.php\/wp-json\/wp\/v2\/posts\/1316\/revisions"}],"predecessor-version":[{"id":1320,"href":"https:\/\/www.gymbrv.de\/index.php\/wp-json\/wp\/v2\/posts\/1316\/revisions\/1320"}],"wp:featuredmedia":[{"embeddable":true,"href":"https:\/\/www.gymbrv.de\/index.php\/wp-json\/wp\/v2\/media\/1319"}],"wp:attachment":[{"href":"https:\/\/www.gymbrv.de\/index.php\/wp-json\/wp\/v2\/media?parent=1316"}],"wp:term":[{"taxonomy":"category","embeddable":true,"href":"https:\/\/www.gymbrv.de\/index.php\/wp-json\/wp\/v2\/categories?post=1316"},{"taxonomy":"post_tag","embeddable":true,"href":"https:\/\/www.gymbrv.de\/index.php\/wp-json\/wp\/v2\/tags?post=1316"}],"curies":[{"name":"wp","href":"https:\/\/api.w.org\/{rel}","templated":true}]}}