{"id":1322,"date":"2021-01-10T20:13:24","date_gmt":"2021-01-10T19:13:24","guid":{"rendered":"https:\/\/www.gymbrv.de\/?p=1322"},"modified":"2021-02-21T13:42:18","modified_gmt":"2021-02-21T12:42:18","slug":"mitteilungen-aus-der-schule-06-01-21","status":"publish","type":"post","link":"https:\/\/www.gymbrv.de\/index.php\/2021\/01\/10\/mitteilungen-aus-der-schule-06-01-21\/","title":{"rendered":"Mitteilungen aus der Schule (06.01.21)"},"content":{"rendered":"\n<div class=\"wp-block-file\"><a href=\"https:\/\/www.gymbrv.de\/wp-content\/uploads\/2021\/01\/Schulmitteilungen-2021-01-06.pdf\" class=\"wp-block-file__button\" download>PDF herunterladen<\/a><\/div>\n\n\n\n<p>Liebe Erziehungsberechtigte, liebe Sch\u00fclerinnen und Sch\u00fcler,<\/p>\n\n\n\n<p>die erweiterte Schulleitung hofft, dass Sie \/ ihr trotz der Corona bedingten Einschr\u00e4nkungen ein besinnliches Weihnachtsfest feiern konnten \/ konntet und dass Sie \/ ihr einen guten Start ins neue Jahr hatten \/ hattet. Leider haben sich unsere Bef\u00fcrchtungen hinsichtlich der Entwicklung der Corona-Pandemie bewahrheitet. Die Inzidenzwerte des Infektionsgeschehens sind nach wie vor zu hoch, so dass das Kultusministerium den Distanzunterricht auf den gesamten Januar ausgeweitet hat.<\/p>\n\n\n\n<p>Im Einzelnen stellt sich die Situation folgenderma\u00dfen dar:<\/p>\n\n\n\n<ul><li><strong>F\u00fcr die Jahrg\u00e4nge 5 \u2013 12 findet kein Pr\u00e4senzunterricht statt (Szenario C).<\/strong> Die Lehrkr\u00e4fte sind angewiesen, die Sch\u00fcler*Innen \u00fcber das Aufgabenmodul unter IServ mit Arbeitsmaterial zu versorgen, im Rahmen des geltenden Stundenplans online f\u00fcr Sch\u00fclernachfragen zur Verf\u00fcgung zu stehen und soweit m\u00f6glich auch online per Videokonferenz zu unterrichten.<\/li><li><strong>Der Jahrgang 13 wird komplett im Pr\u00e4senzmodus beschult (Szenario A).<\/strong> Wir k\u00f6nnen alle Kurse in entsprechenden R\u00e4umen unter Beachtung der geltenden Hygienema\u00dfnahmen beschulen <em>(Hinweise unter IServ beachten).<\/em><\/li><li><strong>Die f\u00fcr den Januar angek\u00fcndigten bzw. verschobenen Klausuren und Sprechpr\u00fcfungen werden wie vermerkt stattfinden (betrifft nur die JG 11-13)<\/strong> <em>(Hinweise unter IServ beachten).<\/em><\/li><li><strong>F\u00fcr Sch\u00fcler*Innen der Jahrg\u00e4nge 5 und 6 werden wir wieder eine Betreuung anbieten.<\/strong> <em>Wir bitten, dass entsprechender Bedarf \u00fcber das Sekretariat angemeldet wird.<\/em><\/li><li>Die Bekanntgabe der Ergebnisse und R\u00fcckgabe von Klassenarbeiten oder Klausuren, die vor den Weihnachtsferien geschrieben wurden, sowie von Ersatzleistungen wird durch die Lehrkr\u00e4fte individuell geregelt <em>(ggf. finden wir noch eine allgemeine Regelung).<\/em><\/li><li>Wir werden weitere Details des Stundenplans, der Online-Zeiten der Lehrkr\u00e4fte etc. \u00fcber IServ und die Homepage der Schule ver\u00f6ffentlichen. Bitte beachten Sie \/ beachtet diese Informationen!<\/li><\/ul>\n\n\n\n<p>Vor den Weihnachtsferien hatte ich bei der Bekanntgabe der Personalia \u00fcbersehen, dass wir ab Februar in Religion durch die Schulpastorin Frau RICCIUS verst\u00e4rkt werden.<\/p>\n\n\n\n<p>Nunmehr bleibt mir nur noch zu hoffen, dass das Distanzlernen \u00fcber IServ m\u00f6glichst st\u00f6rungsfrei laufen wird. Wir haben noch einige wenige Tablets zur Ausleihe zur Verf\u00fcgung. Bei Bedarf wenden Sie sich bitte an Herrn BASSEN oder Herrn LEIDIG. Bleiben Sie \/ bleibt alle gesund und achten Sie \/ achtet auf die Mitmenschen in dieser schwierigen Zeit<\/p>\n\n\n\n<p>Dr. Uwe Strohbach<br>(StD, komm. Schulleiter)<\/p>\n\n\n\n<p><strong>Liebe Sch\u00fclerinnen und Sch\u00fcler,<\/strong><\/p>\n\n\n\n<p>\u00fcber das Schulleben hinaus durchleben wir alle im Moment eine Zeit, die nicht mit den Jahren zuvor vergleichbar ist. Einigen von euch mag es nicht schwerfallen, sich auf die Herausforderungen einzustellen, was uns sehr freut. Andere m\u00fcssen jedoch (deutlich) mehr im allt\u00e4glichen Leben und in der Schule leisten.<\/p>\n\n\n\n<p>Solltet ihr hierf\u00fcr Unterst\u00fctzung oder Hilfe ben\u00f6tigen, k\u00f6nnt ihr euch immer an eine Person eures Vertrauens richten:<\/p>\n\n\n\n<p>Das k\u00f6nnten z.B. eure Klassenlehrkr\u00e4fte, unser Beratungslehrer Herr WURSTER (<a href=\"mailto:Wu@gymbrv.eu\">Wu@gymbrv.eu<\/a>), unsere Seelsorgerin Frau BLADAUSKI (<a href=\"mailto:Bs@gymbrv.eu\">Bs@gymbrv.eu<\/a>) oder auch die Koordinatoren \/ Jahrgangsleitungen Frau VON DER WETH (<a href=\"mailto:Wt@gymbrv.eu\">Wt@gymbrv.eu<\/a>) bzw. Herr HOLLER (<a href=\"mailto:Ho@gymbrv.eu\">Ho@gymbrv.eu<\/a>) sein. Auch unser komm. Schulleiter Herr DR. STROHBACH (<a href=\"mailto:Sb@gymbrv.eu\">Sb@gymbrv.eu<\/a>) steht euch gerne zur Verf\u00fcgung.<\/p>\n\n\n\n<p>Wenn ihr nicht unbedingt in der Schule \u00fcber eure Sorgen und N\u00f6te sprechen m\u00f6chtet, bietet der Landkreis Rotenburg auf seiner Internetseite Unterst\u00fctzung an:<\/p>\n\n\n\n<p><a href=\"https:\/\/www.lk-row.de\/buergerservice\/dienstleistungen\/erziehungs-und-familienberatung-10340.html?myMedium=1&amp;auswahl=0\">https:\/\/www.lk-row.de\/buergerservice\/dienstleistungen\/erziehungs-und-familienberatung-10340.html?myMedium=1&amp;auswahl=0<\/a><\/p>\n\n\n\n<p>Ebenso k\u00f6nnt ihr euch an unsere Schulpsychologische Dezernentin Frau OTTEN wenden:<\/p>\n\n\n\n<p><a href=\"mailto:Maren.Otten@rlsb-lg.niedersachsen.de\">Maren.Otten@rlsb-lg.niedersachsen.de<\/a><\/p>\n\n\n\n<p>Weitere M\u00f6glichkeiten:<\/p>\n\n\n\n<p>Kinder- und Jugendtelefon: 0800 111 0 333<\/p>\n\n\n\n<p>\u201eNummer gegen Kummer\u201c: 116 111<\/p>\n\n\n\n<p><a href=\"http:\/\/www.nummergegenkummer.de\">www.nummergegenkummer.de<\/a><\/p>\n\n\n\n<p>Juuuport.de &#8211; Hilfe von jungen Leuten f\u00fcr junge Leute.<\/p>\n\n\n\n<p><a href=\"https:\/\/www.juuuport.de\/beratung\">https:\/\/www.juuuport.de\/beratung<\/a><\/p>\n\n\n\n<p>Zahlreiche weitere Angebote f\u00fcr Kinder und Jugendliche in Not sind zudem auf der Seite <a href=\"http:\/\/www.kinderschutz-niedersachsen\" data-type=\"URL\" data-id=\"www.kinderschutz-niedersachsen\">www.kinderschutz-niedersachsen<\/a> aufgelistet.<\/p>\n\n\n\n<p>Ich w\u00fcnsche euch allen den bestm\u00f6glichen Start in das Jahr 2021!<\/p>\n\n\n\n<p>Liebe Gr\u00fc\u00dfe<\/p>\n\n\n\n<p>Michael Holler<br>(im Namen der erweiterten Schulleitung)<\/p>\n","protected":false},"excerpt":{"rendered":"<p>Die erweiterte Schulleitung hofft, dass Sie \/ ihr trotz der Corona bedingten Einschr\u00e4nkungen ein besinnliches Weihnachtsfest feiern konnten \/ konntet und dass Sie \/ ihr einen guten Start ins neue Jahr hatten \/ hattet.<\/p>\n","protected":false},"author":1,"featured_media":1325,"comment_status":"closed","ping_status":"open","sticky":false,"template":"","format":"standard","meta":{"footnotes":""},"categories":[1,6],"tags":[],"_links":{"self":[{"href":"https:\/\/www.gymbrv.de\/index.php\/wp-json\/wp\/v2\/posts\/1322"}],"collection":[{"href":"https:\/\/www.gymbrv.de\/index.php\/wp-json\/wp\/v2\/posts"}],"about":[{"href":"https:\/\/www.gymbrv.de\/index.php\/wp-json\/wp\/v2\/types\/post"}],"author":[{"embeddable":true,"href":"https:\/\/www.gymbrv.de\/index.php\/wp-json\/wp\/v2\/users\/1"}],"replies":[{"embeddable":true,"href":"https:\/\/www.gymbrv.de\/index.php\/wp-json\/wp\/v2\/comments?post=1322"}],"version-history":[{"count":3,"href":"https:\/\/www.gymbrv.de\/index.php\/wp-json\/wp\/v2\/posts\/1322\/revisions"}],"predecessor-version":[{"id":1328,"href":"https:\/\/www.gymbrv.de\/index.php\/wp-json\/wp\/v2\/posts\/1322\/revisions\/1328"}],"wp:featuredmedia":[{"embeddable":true,"href":"https:\/\/www.gymbrv.de\/index.php\/wp-json\/wp\/v2\/media\/1325"}],"wp:attachment":[{"href":"https:\/\/www.gymbrv.de\/index.php\/wp-json\/wp\/v2\/media?parent=1322"}],"wp:term":[{"taxonomy":"category","embeddable":true,"href":"https:\/\/www.gymbrv.de\/index.php\/wp-json\/wp\/v2\/categories?post=1322"},{"taxonomy":"post_tag","embeddable":true,"href":"https:\/\/www.gymbrv.de\/index.php\/wp-json\/wp\/v2\/tags?post=1322"}],"curies":[{"name":"wp","href":"https:\/\/api.w.org\/{rel}","templated":true}]}}