{"id":1539,"date":"2021-04-14T19:09:14","date_gmt":"2021-04-14T17:09:14","guid":{"rendered":"https:\/\/www.gymbrv.de\/?p=1539"},"modified":"2021-04-14T19:11:57","modified_gmt":"2021-04-14T17:11:57","slug":"musizieren-fuer-die-gedenkfeier-des-lagers-sandbostel","status":"publish","type":"post","link":"https:\/\/www.gymbrv.de\/index.php\/2021\/04\/14\/musizieren-fuer-die-gedenkfeier-des-lagers-sandbostel\/","title":{"rendered":"Musizieren f\u00fcr die Gedenkfeier des Lagers Sandbostel"},"content":{"rendered":"\n<p>Auch der bei\u00dfende Wind konnte die S\u00e4ngerinnen und S\u00e4nger sowie die Instrumentalisten nicht davon abhalten, w\u00e4hrend der Osterferien im Au\u00dfenbereich des Gymnasiums Bremerv\u00f6rde zusammenzukommen, um Aufnahmen f\u00fcr die Gedenkfeier des Lagers Sandbostel zu erstellen. Mit geb\u00fchrendem Abstand zwischen den Musikern wurden zwei St\u00fccke aufgenommen: &#8222;Der einfache Frieden&#8220; (Klaus Schneider \/ Gisela Steineckert) sowie &#8222;Wegen Befehlsverweigerung&#8220; (Mikis Theodorakis).<\/p>\n\n\n\n<p>Die Audioaufnahmen werden im Rahmen des Programms zur virtuellen Gedenkveranstaltung anl\u00e4sslich des 76. Jahrestages der Befreiung der Kriegsgefangenen und KZ-H\u00e4ftlinge am 29. April ab 16 Uhr unter <a rel=\"noreferrer noopener\" href=\"https:\/\/www.stiftung-lager-sandbostel.de\/Gedenken2021\" target=\"_blank\">https:\/\/www.stiftung-lager-sandbostel.de\/Gedenken2021<\/a> online zu h\u00f6ren sein. Weitere Informationen erhalten Sie vorab auch unter <a href=\"https:\/\/www.stiftung-lager-sandbostel.de\/aktuelles\/neuigkeiten\/#2021-09\">https:\/\/www.stiftung-lager-sandbostel.de\/aktuelles\/neuigkeiten\/#2021-09<\/a>.<\/p>\n\n\n\n<p>Die Fachschaft Musik dankt allen engagierten Sch\u00fclerinnen und Sch\u00fclern sowie den Kolleginnen und Kollegen f\u00fcr ihre Mitarbeit und Unterst\u00fctzung: Malin Stuhr (Jg. 12, Querfl\u00f6te), Tieneke Wellbrock (Jg. 12, Querfl\u00f6te), Christian Lust (Jg. 12, Gitarre), Laura Bartels (Jg. 12, Gesang), Wencke Thoden (Jg. 11, Querfl\u00f6te), Ernesto Bscheidl (Jg. 10, Klarinette), Romy Himmert (Jg. 10, Trompete), Dominic Christ (Jg. 9, Klavier), Annika Poppe (Posaune), Corinna Mei\u00dfner (Klarinette), Frau Teschemacher (Gesang), Frau L\u00fcdemann (Gesang), Frau Thee (Gesang), Frau Bladauski (Gesang), Frau Fischer (Gesang) und Herrn Mei\u00dfner (Gesang). Ein besonderer Dank geht auch an unseren Tontechniker Sven Keuchel!<\/p>\n\n\n\n<div class=\"alignnormal\"><div id=\"metaslider-id-1528\" style=\"max-width: 650px; margin: 0 auto;\" class=\"ml-slider-3-28-2 metaslider metaslider-flex metaslider-1528 ml-slider\">\n    <div id=\"metaslider_container_1528\">\n        <div id=\"metaslider_1528\" class=\"flexslider\">\n            <ul aria-live=\"polite\" class=\"slides\">\n                <li style=\"display: block; width: 100%;\" class=\"slide-1533 ms-image\"><img loading=\"lazy\" decoding=\"async\" src=\"https:\/\/www.gymbrv.de\/wp-content\/uploads\/2021\/04\/IMG_0601-scaled-650x360.jpg\" height=\"360\" width=\"650\" alt=\"\" class=\"slider-1528 slide-1533\" title=\"IMG_0601\" \/><\/li>\n                <li style=\"display: none; width: 100%;\" class=\"slide-1534 ms-image\"><img loading=\"lazy\" decoding=\"async\" src=\"https:\/\/www.gymbrv.de\/wp-content\/uploads\/2021\/04\/IMG_0592-scaled-650x360.jpg\" height=\"360\" width=\"650\" alt=\"\" class=\"slider-1528 slide-1534\" title=\"IMG_0592\" \/><\/li>\n                <li style=\"display: none; width: 100%;\" class=\"slide-1535 ms-image\"><img loading=\"lazy\" decoding=\"async\" src=\"https:\/\/www.gymbrv.de\/wp-content\/uploads\/2021\/04\/IMG_0590-scaled-650x360.jpg\" height=\"360\" width=\"650\" alt=\"\" class=\"slider-1528 slide-1535\" title=\"IMG_0590\" \/><\/li>\n                <li style=\"display: none; width: 100%;\" class=\"slide-1536 ms-image\"><img loading=\"lazy\" decoding=\"async\" src=\"https:\/\/www.gymbrv.de\/wp-content\/uploads\/2021\/04\/Sandbostel_Probe_1_PXL_20210409_094231156.PANO_-scaled-650x360.jpg\" height=\"360\" width=\"650\" alt=\"\" class=\"slider-1528 slide-1536\" title=\"Sandbostel_Probe_1_PXL_20210409_094231156.PANO\" \/><\/li>\n            <\/ul>\n        <\/div>\n        \n    <\/div>\n<\/div><\/div>\n","protected":false},"excerpt":{"rendered":"<p>Auch der bei\u00dfende Wind konnte die S\u00e4ngerinnen und S\u00e4nger sowie die Instrumentalisten nicht davon abhalten, w\u00e4hrend der Osterferien im Au\u00dfenbereich des Gymnasiums Bremerv\u00f6rde zusammenzukommen, um<\/p>\n","protected":false},"author":2,"featured_media":1529,"comment_status":"closed","ping_status":"open","sticky":false,"template":"","format":"standard","meta":{"footnotes":""},"categories":[1],"tags":[],"_links":{"self":[{"href":"https:\/\/www.gymbrv.de\/index.php\/wp-json\/wp\/v2\/posts\/1539"}],"collection":[{"href":"https:\/\/www.gymbrv.de\/index.php\/wp-json\/wp\/v2\/posts"}],"about":[{"href":"https:\/\/www.gymbrv.de\/index.php\/wp-json\/wp\/v2\/types\/post"}],"author":[{"embeddable":true,"href":"https:\/\/www.gymbrv.de\/index.php\/wp-json\/wp\/v2\/users\/2"}],"replies":[{"embeddable":true,"href":"https:\/\/www.gymbrv.de\/index.php\/wp-json\/wp\/v2\/comments?post=1539"}],"version-history":[{"count":2,"href":"https:\/\/www.gymbrv.de\/index.php\/wp-json\/wp\/v2\/posts\/1539\/revisions"}],"predecessor-version":[{"id":1542,"href":"https:\/\/www.gymbrv.de\/index.php\/wp-json\/wp\/v2\/posts\/1539\/revisions\/1542"}],"wp:featuredmedia":[{"embeddable":true,"href":"https:\/\/www.gymbrv.de\/index.php\/wp-json\/wp\/v2\/media\/1529"}],"wp:attachment":[{"href":"https:\/\/www.gymbrv.de\/index.php\/wp-json\/wp\/v2\/media?parent=1539"}],"wp:term":[{"taxonomy":"category","embeddable":true,"href":"https:\/\/www.gymbrv.de\/index.php\/wp-json\/wp\/v2\/categories?post=1539"},{"taxonomy":"post_tag","embeddable":true,"href":"https:\/\/www.gymbrv.de\/index.php\/wp-json\/wp\/v2\/tags?post=1539"}],"curies":[{"name":"wp","href":"https:\/\/api.w.org\/{rel}","templated":true}]}}