{"id":1571,"date":"2021-05-03T18:53:35","date_gmt":"2021-05-03T16:53:35","guid":{"rendered":"https:\/\/www.gymbrv.de\/?p=1571"},"modified":"2021-07-21T08:43:48","modified_gmt":"2021-07-21T06:43:48","slug":"begruessungsschreiben-an-die-eltern-unserer-neuen-schueler-innen","status":"publish","type":"post","link":"https:\/\/www.gymbrv.de\/index.php\/2021\/05\/03\/begruessungsschreiben-an-die-eltern-unserer-neuen-schueler-innen\/","title":{"rendered":"Begr\u00fc\u00dfungsschreiben an die Eltern unserer neuen Sch\u00fcler\/innen"},"content":{"rendered":"\n<p>Erg\u00e4nzung am 21.07.21:<\/p>\n\n\n\n<p class=\"has-text-align-center\"><span style=\"color:#ff0000\" class=\"has-inline-color\">Die <strong>Begr\u00fc\u00dfungsfeier<\/strong> findet am Samstag, den 4. September 2021 von 13:00 bis 14:30 Uhr statt (eine corona-bedingte Termin\u00e4nderung kann leider nicht ausgeschlossen werden).<\/span><\/p>\n\n\n\n<div class=\"wp-block-file\"><a href=\"https:\/\/www.gymbrv.de\/wp-content\/uploads\/2021\/05\/SKM_C25821050315090.pdf\" class=\"wp-block-file__button\" download>PDF herunterladen<\/a><\/div>\n\n\n\n<p class=\"has-text-align-right\">Bremerv\u00f6rde, 03. Mai 2021<\/p>\n\n\n\n<p>Sehr geehrte Eltern unserer neuen Sch\u00fcler\/innen,<\/p>\n\n\n\n<p>wir freuen uns, Ihre Kinder bei uns am Gymnasium Bremerv\u00f6rde begr\u00fc\u00dfen zu d\u00fcrfen!<\/p>\n\n\n\n<p>Die Grundschulzeit neigt sich dem Ende und ein neuer, spannender Lebensabschnitt steht Ihren Kindern bevor. Der \u00dcbergang an unsere Schule soll durch eine Begr\u00fc\u00dfungsfeier eingel\u00e4utet werden, worauf dann die Einf\u00fchrungswoche f\u00fcr den neuen 5. Jahrgang folgt.<\/p>\n\n\n\n<p>Die grunds\u00e4tzliche Planung sieht vor, dass die Begr\u00fc\u00dfungsfeier am Samstag, 04. September 2021 um 10:00 Uhr in unserer Aula stattfinden soll. Dort werden Ihre Kinder auf alle Klassenlehrer\/innen der neuen 5. Klassen treffen und erhalten von diesen einen ersten Eindruck von ihrer neuen Schule, ihrem Klassenraum und ihren neuen Mitsch\u00fcler\/innen. W\u00e4hrend die Kinder sich untereinander und ihre Klassenleitung kennenlernen, m\u00f6chten wir Sie, liebe Eltern, begr\u00fc\u00dfen und Ihnen erste wichtige Informationen zum Schulalltag zukommen lassen. Im Anschluss werden Sie Ihre Kinder wieder in Empfang nehmen k\u00f6nnen. Au\u00dferdem sind kleine Aktionen wie gemeinsame Fotoaufnahmen und eine Kaffeetafel geplant, bei der wir uns \u00fcber ein pers\u00f6nliches Gespr\u00e4ch freuen w\u00fcrden.<\/p>\n\n\n\n<p>Ab Montag, 06. September 2021 beginnt f\u00fcr Ihre Kinder die Einf\u00fchrungswoche. In dieser werden die Kinder die neue Schule erkunden, unsere Rituale und Regeln kennenlernen und noch viele andere Eindr\u00fccke und Erfahrungen mit nach Hause nehmen. Hierbei werden die Kinder auch von ihren Paten der 10. Klassen unterst\u00fctzt, die sie gleich zu Beginn kennenlernen werden. Die Details zum planerischen Ablauf der Einf\u00fchrungswoche erhalten Sie so fr\u00fchzeitig wie m\u00f6glich.<\/p>\n\n\n\n<p>An den ersten beiden offiziellen Schultagen (02. + 03. Sep. 2021) findet kein Unterricht f\u00fcr die neuen 5. Klassen statt. Sollten Sie eine Notbetreuung in Anspruch nehmen m\u00fcssen, melden Sie diese bitte im Sekretariat bis sp\u00e4testens 31. August 2021 an.<\/p>\n\n\n\n<p>\u00dcbersicht (Details folgen unter <a href=\"http:\/\/www.gymbrv.de\/\">www.gymbrv.de<\/a>):<\/p>\n\n\n\n<ul><li>Begr\u00fc\u00dfungsfeier: Samstag, 04. September 2021, <s>10:00 Uhr<\/s> (verschoben; die Uhrzeit wird zeitnah hier bekannt gegeben)<\/li><li>Einf\u00fchrungswoche: ab Montag, 06. September 2021<\/li><\/ul>\n\n\n\n<p>Leider k\u00f6nnen wir Ihnen noch keine detaillierten Informationen zukommen lassen, da wir auch im September von den aktuellen Bestimmungen zur Eind\u00e4mmung eines Infektionsgeschehens abh\u00e4ngig sein werden. Unklar ist daher leider auch die Anzahl der Angeh\u00f6rigen der Kinder, die an der Begr\u00fc\u00dfung teilnehmen m\u00f6chten (ggf. Beschr\u00e4nkung der Personenzahl). Wir bitten Sie daher, den aktuellen Informationen auf unserer Internetpr\u00e4senz www.gymbrv.de zu folgen, und bedanken uns f\u00fcr Ihr Verst\u00e4ndnis.<\/p>\n\n\n\n<p>Die Lehrer\/innen des Gymnasiums Bremerv\u00f6rde, und ganz besonders das Jahrgangsteam 5, freuen sich auf Ihre Kinder.<\/p>\n\n\n\n<p>Sollten Sie Fragen haben, wenden Sie sich bitte an Herrn Holler als Ihren zust\u00e4ndigen Koordinator.<\/p>\n\n\n\n<p>Mit freundlichen Gr\u00fc\u00dfen<\/p>\n\n\n\n<p>StD Dr. Uwe Strohbach (komm. Schulleiter)<br>StD Michael Holler (schulfachlicher Koordinator Sek. I)<\/p>\n","protected":false},"excerpt":{"rendered":"<p>Update 15.05.21: Uhrzeit der Begr\u00fc\u00dfungsfeier verschoben \/ steht noch nicht fest<\/p>\n","protected":false},"author":1,"featured_media":1573,"comment_status":"closed","ping_status":"open","sticky":false,"template":"","format":"standard","meta":{"footnotes":""},"categories":[6],"tags":[],"_links":{"self":[{"href":"https:\/\/www.gymbrv.de\/index.php\/wp-json\/wp\/v2\/posts\/1571"}],"collection":[{"href":"https:\/\/www.gymbrv.de\/index.php\/wp-json\/wp\/v2\/posts"}],"about":[{"href":"https:\/\/www.gymbrv.de\/index.php\/wp-json\/wp\/v2\/types\/post"}],"author":[{"embeddable":true,"href":"https:\/\/www.gymbrv.de\/index.php\/wp-json\/wp\/v2\/users\/1"}],"replies":[{"embeddable":true,"href":"https:\/\/www.gymbrv.de\/index.php\/wp-json\/wp\/v2\/comments?post=1571"}],"version-history":[{"count":9,"href":"https:\/\/www.gymbrv.de\/index.php\/wp-json\/wp\/v2\/posts\/1571\/revisions"}],"predecessor-version":[{"id":1655,"href":"https:\/\/www.gymbrv.de\/index.php\/wp-json\/wp\/v2\/posts\/1571\/revisions\/1655"}],"wp:featuredmedia":[{"embeddable":true,"href":"https:\/\/www.gymbrv.de\/index.php\/wp-json\/wp\/v2\/media\/1573"}],"wp:attachment":[{"href":"https:\/\/www.gymbrv.de\/index.php\/wp-json\/wp\/v2\/media?parent=1571"}],"wp:term":[{"taxonomy":"category","embeddable":true,"href":"https:\/\/www.gymbrv.de\/index.php\/wp-json\/wp\/v2\/categories?post=1571"},{"taxonomy":"post_tag","embeddable":true,"href":"https:\/\/www.gymbrv.de\/index.php\/wp-json\/wp\/v2\/tags?post=1571"}],"curies":[{"name":"wp","href":"https:\/\/api.w.org\/{rel}","templated":true}]}}