{"id":1601,"date":"2021-06-12T15:50:00","date_gmt":"2021-06-12T13:50:00","guid":{"rendered":"https:\/\/www.gymbrv.de\/?p=1601"},"modified":"2021-06-16T07:01:42","modified_gmt":"2021-06-16T05:01:42","slug":"mitteilungen-aus-der-schule-12-06-21","status":"publish","type":"post","link":"https:\/\/www.gymbrv.de\/index.php\/2021\/06\/12\/mitteilungen-aus-der-schule-12-06-21\/","title":{"rendered":"Mitteilungen aus der Schule (12.06.21)"},"content":{"rendered":"\n<div class=\"wp-block-file\"><a href=\"https:\/\/www.gymbrv.de\/wp-content\/uploads\/2021\/06\/Schulmitteilungen-2021-01-07.pdf\" class=\"wp-block-file__button\" download>PDF herunterladen<\/a><\/div>\n\n\n\n<p>Liebe Erziehungsberechtigte,<br>liebe Sch\u00fclerinnen und Sch\u00fcler,<\/p>\n\n\n\n<p>alle Kolleginnen und Kollegen freuen sich gemeinsam mit allen Sch\u00fclerinnen und Sch\u00fclern, dass wir endlich wieder einen nahezu normalen Schulbetrieb haben.Durch das Szenario A \u2013 Pr\u00e4senzunterricht mit allen Sch\u00fclern der Lerngruppen \u2013 sind wir nun in der Lage, die vielseitigen, individuellen Probleme von Sch\u00fclerinnen und Sch\u00fclern aufzuarbeiten. Ich m\u00f6chte Ihnen als Erziehungsberechtigten hier auch zum wiederholten Male sagen, dass Sie sich keine allzu gro\u00dfen Sorgen bez\u00fcglich des \u201eAufarbeitens\u201c von vers\u00e4umten Unterrichtsinhalten machen sollten. Das nieders\u00e4chsische Kultusministerium hat den Schulleitungen zugesichert, dass die Curricula entsprechend angepasst werden und dass auch zus\u00e4tzliche Ma\u00dfnahmen ergriffen werden. Wie diese konkret sich gestalten werden, kann ich Ihnen allerdings leider noch nicht darstellen. Lassen Sie uns einfach optimistisch in die Zukunft schauen!<\/p>\n\n\n\n<p>F\u00fcr die kommende Woche kann ich Ihnen und Ihren Kindern eine weitere Erleichterung in Aussicht stellen, ab Montag, 14.06.2021 k\u00f6nnen die Sch\u00fclerspinde wieder genutzt werden. Als einzige Einschr\u00e4nkung bleibt aber die Regelung bestehen, dass die Sch\u00fclerinnen und Sch\u00fcler nicht w\u00e4hrend der gro\u00dfen Pausen zu ihren Spinden d\u00fcrfen, um das \u201eKohorten Prinzip\u201c nicht zu unterlaufen. Ich bitte eindringlich, diese Regelung auch einzuhalten.<\/p>\n\n\n\n<p>Viele von Ihnen haben sicherlich bereits gesehen, dass der Neubau der BBS und des Gymnasiums bereits in vollem Gange ist. Das hat Konsequenzen f\u00fcr unseren Schulalltag, z. B. die Fu\u00dfg\u00e4ngerampel zwischen dem Hauptgeb\u00e4ude und dem T-Deck sowie der Sporthalle oder die ver\u00e4nderte Verkehrsf\u00fchrung durch die Sperrung des Wendekreises vor dem Hauptgeb\u00e4ude. Leider ist in den vergangenen Wochen immer wieder zu beobachten gewesen, dass sowohl die Ampelregelung als auch die ge\u00e4nderte Verkehrsf\u00fchrung nicht von allen Sch\u00fclerinnen und Sch\u00fclern sowie von einigen Erziehungsberechtigten beim Bringen oder Abholen der Kinder die entsprechende Beachtung erfuhr. Leider erreichen uns nach wie vor Beschwerden aus der BBS, dass Sch\u00fclerinnen und Sch\u00fcler des Gymnasiums den Schulweg durch das Geb\u00e4ude der BBS abk\u00fcrzen. Um Unf\u00e4lle oder das Einschreiten des Ordnungsamtes zu vermeiden, bitte ich, dass in Zukunft diese neuen Regelungen strikter beachtet werden.<\/p>\n\n\n\n<p>Aber es sind auch sehr positive Entwicklungen aus der Schule zu melden:<\/p>\n\n\n\n<p>Am Montag, den 31.05.2021 erfolgte nach insgesamt 34 Monaten kommissarischer T\u00e4tigkeit die offizielle Ernennung meiner Person zum Oberstudiendirektor (OStD), also zum \u201eordentlichen Schulleiter\u201c. Nat\u00fcrlich hat mich dieser Verwaltungsakt sehr gefreut und erf\u00fcllt mich mit Stolz, doch noch gr\u00f6\u00dfer ist meine Freude, dass dadurch nunmehr in absehbarer Zeit die erweiterte Schulleitung endlich wieder komplettiert werden wird, denn nun kann die Stelle des stellvertretenden Schulleiters ausgeschrieben werden.<\/p>\n\n\n\n<div class=\"wp-block-image\"><figure class=\"aligncenter size-large\"><img loading=\"lazy\" decoding=\"async\" width=\"400\" height=\"278\" src=\"https:\/\/www.gymbrv.de\/wp-content\/uploads\/2021\/06\/Schulmitteilungen-2021-01-07j.png\" alt=\"\" class=\"wp-image-1603\" srcset=\"https:\/\/www.gymbrv.de\/wp-content\/uploads\/2021\/06\/Schulmitteilungen-2021-01-07j.png 400w, https:\/\/www.gymbrv.de\/wp-content\/uploads\/2021\/06\/Schulmitteilungen-2021-01-07j-300x209.png 300w\" sizes=\"(max-width: 400px) 100vw, 400px\" \/><\/figure><\/div>\n\n\n\n<p>Ebenfalls an diesem Montag konnte Herr Oberstudienrat (OStR) Mei\u00dfner seine Bewerbung auf die seit Beginn des Schuljahres unbesetzte Stelle eines schulfachlichen Koordinators (Studiendirektor, StD) positiv gestalten. Am gestrigen Donnerstag erhielt er im Rahmen einer au\u00dferordentlichen Sitzung des Schulvorstandes seine Best\u00e4tigung. Hierzu m\u00f6chte ich ihm ganz besonders gratulieren, denn auch er hat viele Monate kommissarisch die Stundenplangestaltung mit viel Engagement positiv vorangebracht.<\/p>\n\n\n\n<p>Und wir haben noch eine Stellenzuweisung in Kunst durch die regionale Landesschulbeh\u00f6rde L\u00fcneburg (RLSB Abt. LG) erhalten. Wir hoffen, dass wir diese Stelle auch erfolgreich besetzen k\u00f6nnen.<\/p>\n\n\n\n<p>Die schriftlichen und m\u00fcndlichenAbiturpr\u00fcfungen sind inzwischen geschafft, am Freitag, 18.06.2021 um 15:00 Uhr werden die Ergebnisse den Abiturientinnen und Abiturienten mitgeteilt werden. Trotz Corona werden wir am Freitag, den 02.07.2021 die Abiturzeugnisse im Rahmen einer feierlichen Entlassung aush\u00e4ndigen k\u00f6nnen. Bedingt durch nach wie vor geltende Hygiene- und Schutzma\u00dfnahmen hat die erweiterte Schulleitung (ESL) entschieden, dass an diesem Freitag f\u00fcr alle anderen Klassen der Pr\u00e4senzunterricht ausfallen wird, um die Vorbereitungen in einem sicheren Rahmen durchf\u00fchren zu k\u00f6nnen. Am Donnerstag, 01.07.2021 sind die Sch\u00fclerinnen und Sch\u00fcler des 12. Jahrgangs mit den Aufbau und Vorbereitungsaufgaben im V-Deck besch\u00e4ftigt und sind daher vom Unterricht befreit. An diesem Tag werden die Lehrkr\u00e4fte den Sch\u00fclerinnen und Sch\u00fclern Aufgaben stellen, ausgenommen sind die Sch\u00fclerinnen und Sch\u00fcler, die im Rahmen der Feier mitwirken. F\u00fcr Sch\u00fclerinnen und Sch\u00fcler der Klassen 5 bis 7 bieten wir an diesem Tag auch eine Notbetreuung an, bei Bedarf bitte ich um telefonische Meldung im Sekretariat. Das gesamte Kollegium glaubt, dass diese Entlassungsfeier damit in einem w\u00fcrdigen Rahmen durchgef\u00fchrt werden kann.<\/p>\n\n\n\n<p>Das Kollegium und die erweiterte Schulleitung w\u00fcnschen Ihnen \/ euch allen weiterhin beste Gesundheit und dass wir in Zukunft keinen \u201eR\u00fcckfall\u201c in das Szenario B oder gar C erleben m\u00fcssen. Beachten Sie \/ beachtet deshalb auch weiterhin bitte die geltenden Hygiene- und Sicherheitsma\u00dfnahmen, mit den besten W\u00fcnschen dazu<\/p>\n\n\n\n<p>Dr. Uwe Strohbach<br>(OStD, Schulleiter)<\/p>\n","protected":false},"excerpt":{"rendered":"<p>Alle Kolleginnen und Kollegen freuen sich gemeinsam mit allen Sch\u00fclerinnen und Sch\u00fclern, dass wir endlich wieder einen nahezu normalen Schulbetrieb haben. Durch das Szenario A \u2013 Pr\u00e4senzunterricht mit allen Sch\u00fclern der Lerngruppen \u2013 sind wir nun in der Lage, die vielseitigen, individuellen Probleme von Sch\u00fclerinnen und Sch\u00fclern aufzuarbeiten.<\/p>\n","protected":false},"author":1,"featured_media":1604,"comment_status":"closed","ping_status":"open","sticky":false,"template":"","format":"standard","meta":{"footnotes":""},"categories":[6],"tags":[],"_links":{"self":[{"href":"https:\/\/www.gymbrv.de\/index.php\/wp-json\/wp\/v2\/posts\/1601"}],"collection":[{"href":"https:\/\/www.gymbrv.de\/index.php\/wp-json\/wp\/v2\/posts"}],"about":[{"href":"https:\/\/www.gymbrv.de\/index.php\/wp-json\/wp\/v2\/types\/post"}],"author":[{"embeddable":true,"href":"https:\/\/www.gymbrv.de\/index.php\/wp-json\/wp\/v2\/users\/1"}],"replies":[{"embeddable":true,"href":"https:\/\/www.gymbrv.de\/index.php\/wp-json\/wp\/v2\/comments?post=1601"}],"version-history":[{"count":1,"href":"https:\/\/www.gymbrv.de\/index.php\/wp-json\/wp\/v2\/posts\/1601\/revisions"}],"predecessor-version":[{"id":1605,"href":"https:\/\/www.gymbrv.de\/index.php\/wp-json\/wp\/v2\/posts\/1601\/revisions\/1605"}],"wp:featuredmedia":[{"embeddable":true,"href":"https:\/\/www.gymbrv.de\/index.php\/wp-json\/wp\/v2\/media\/1604"}],"wp:attachment":[{"href":"https:\/\/www.gymbrv.de\/index.php\/wp-json\/wp\/v2\/media?parent=1601"}],"wp:term":[{"taxonomy":"category","embeddable":true,"href":"https:\/\/www.gymbrv.de\/index.php\/wp-json\/wp\/v2\/categories?post=1601"},{"taxonomy":"post_tag","embeddable":true,"href":"https:\/\/www.gymbrv.de\/index.php\/wp-json\/wp\/v2\/tags?post=1601"}],"curies":[{"name":"wp","href":"https:\/\/api.w.org\/{rel}","templated":true}]}}