{"id":1636,"date":"2021-07-02T13:42:21","date_gmt":"2021-07-02T11:42:21","guid":{"rendered":"https:\/\/www.gymbrv.de\/?p=1636"},"modified":"2021-07-02T13:42:21","modified_gmt":"2021-07-02T11:42:21","slug":"offiziell-institutionalisiert-schulseelsorge-am-gymnasium-bremervoerde","status":"publish","type":"post","link":"https:\/\/www.gymbrv.de\/index.php\/2021\/07\/02\/offiziell-institutionalisiert-schulseelsorge-am-gymnasium-bremervoerde\/","title":{"rendered":"Offiziell institutionalisiert: Schulseelsorge am Gymnasium Bremerv\u00f6rde"},"content":{"rendered":"\n<p>Im coronabedingt kleinen Rahmen fand die Einf\u00fchrung der Religionslehrerin Tanja Bladauski als Schulseelsorgerin am Gymnasium Bremerv\u00f6rde statt, und zwar am Luther-Apfelbaum beim Pavillon. Nach ihrer Langzeit-Weiterbildung am Religionsp\u00e4dagogischen Institut wurde sie nun von der Landeskirche Hannover offiziell dazu beauftragt, unter Wahrung des Seelsorgegeheimnisses beratend, aber auch pr\u00e4ventiv zu wirken.<\/p>\n\n\n\n<div class=\"wp-block-image\"><figure class=\"aligncenter size-large\"><img loading=\"lazy\" decoding=\"async\" width=\"450\" height=\"300\" src=\"https:\/\/www.gymbrv.de\/wp-content\/uploads\/2021\/07\/ssg01.jpg\" alt=\"\" class=\"wp-image-1637\" srcset=\"https:\/\/www.gymbrv.de\/wp-content\/uploads\/2021\/07\/ssg01.jpg 450w, https:\/\/www.gymbrv.de\/wp-content\/uploads\/2021\/07\/ssg01-300x200.jpg 300w, https:\/\/www.gymbrv.de\/wp-content\/uploads\/2021\/07\/ssg01-420x280.jpg 420w\" sizes=\"(max-width: 450px) 100vw, 450px\" \/><\/figure><\/div>\n\n\n\n<p>F\u00fcr den Sprengel Stade leitete Pastorin Gudrun Junge die Zeremonie, die der Fachkonferenz Religion vorgelagert wurde. BBS-Schulpastorin Esther Ockhuhn vertrat den Kirchenkreis Bremerv\u00f6rde. Inhaltlich standen entsprechend den p\u00e4dagogischen und seelsorgerischen Leitideen der neuen Schulseelsorgerin Tiere im Mittelpunkt, vertreten durch Schulschaf Rudy und Seelsorgebegleithund Kimba.<\/p>\n\n\n\n<figure class=\"wp-block-gallery aligncenter columns-2 is-cropped wp-block-gallery-1 is-layout-flex wp-block-gallery-is-layout-flex\"><ul class=\"blocks-gallery-grid\"><li class=\"blocks-gallery-item\"><figure><img loading=\"lazy\" decoding=\"async\" width=\"300\" height=\"303\" src=\"https:\/\/www.gymbrv.de\/wp-content\/uploads\/2021\/07\/ssg02.jpg\" alt=\"\" data-id=\"1638\" data-full-url=\"https:\/\/www.gymbrv.de\/wp-content\/uploads\/2021\/07\/ssg02.jpg\" data-link=\"https:\/\/www.gymbrv.de\/?attachment_id=1638\" class=\"wp-image-1638\" srcset=\"https:\/\/www.gymbrv.de\/wp-content\/uploads\/2021\/07\/ssg02.jpg 300w, https:\/\/www.gymbrv.de\/wp-content\/uploads\/2021\/07\/ssg02-297x300.jpg 297w\" sizes=\"(max-width: 300px) 100vw, 300px\" \/><\/figure><\/li><li class=\"blocks-gallery-item\"><figure><img loading=\"lazy\" decoding=\"async\" width=\"222\" height=\"300\" src=\"https:\/\/www.gymbrv.de\/wp-content\/uploads\/2021\/07\/ssg03.jpg\" alt=\"\" data-id=\"1639\" data-full-url=\"https:\/\/www.gymbrv.de\/wp-content\/uploads\/2021\/07\/ssg03.jpg\" data-link=\"https:\/\/www.gymbrv.de\/?attachment_id=1639\" class=\"wp-image-1639\"\/><\/figure><\/li><\/ul><\/figure>\n\n\n\n<p>Das Gleichnis vom verlorenen Schaf und das Lied &#8222;Geh aus, mein Herz&#8220; bildeten den theologischen Kern der Einf\u00fchrung, der k\u00fcnftig auch im Raum der Stille und im Garten Eden am und im Neubau ber\u00fccksichtigt werden soll.<\/p>\n","protected":false},"excerpt":{"rendered":"<p>Im coronabedingt kleinen Rahmen fand die Einf\u00fchrung der Religionslehrerin Tanja Bladauski als Schulseelsorgerin am Gymnasium Bremerv\u00f6rde statt, und zwar am Luther-Apfelbaum beim Pavillon. Nach ihrer Langzeit-Weiterbildung am Religionsp\u00e4dagogischen Institut wurde sie nun von der Landeskirche Hannover offiziell dazu beauftragt, unter Wahrung des Seelsorgegeheimnisses beratend, aber auch pr\u00e4ventiv zu wirken.<\/p>\n","protected":false},"author":1,"featured_media":1644,"comment_status":"closed","ping_status":"open","sticky":false,"template":"","format":"standard","meta":{"footnotes":""},"categories":[4],"tags":[],"_links":{"self":[{"href":"https:\/\/www.gymbrv.de\/index.php\/wp-json\/wp\/v2\/posts\/1636"}],"collection":[{"href":"https:\/\/www.gymbrv.de\/index.php\/wp-json\/wp\/v2\/posts"}],"about":[{"href":"https:\/\/www.gymbrv.de\/index.php\/wp-json\/wp\/v2\/types\/post"}],"author":[{"embeddable":true,"href":"https:\/\/www.gymbrv.de\/index.php\/wp-json\/wp\/v2\/users\/1"}],"replies":[{"embeddable":true,"href":"https:\/\/www.gymbrv.de\/index.php\/wp-json\/wp\/v2\/comments?post=1636"}],"version-history":[{"count":4,"href":"https:\/\/www.gymbrv.de\/index.php\/wp-json\/wp\/v2\/posts\/1636\/revisions"}],"predecessor-version":[{"id":1645,"href":"https:\/\/www.gymbrv.de\/index.php\/wp-json\/wp\/v2\/posts\/1636\/revisions\/1645"}],"wp:featuredmedia":[{"embeddable":true,"href":"https:\/\/www.gymbrv.de\/index.php\/wp-json\/wp\/v2\/media\/1644"}],"wp:attachment":[{"href":"https:\/\/www.gymbrv.de\/index.php\/wp-json\/wp\/v2\/media?parent=1636"}],"wp:term":[{"taxonomy":"category","embeddable":true,"href":"https:\/\/www.gymbrv.de\/index.php\/wp-json\/wp\/v2\/categories?post=1636"},{"taxonomy":"post_tag","embeddable":true,"href":"https:\/\/www.gymbrv.de\/index.php\/wp-json\/wp\/v2\/tags?post=1636"}],"curies":[{"name":"wp","href":"https:\/\/api.w.org\/{rel}","templated":true}]}}