{"id":1720,"date":"2021-08-13T09:18:34","date_gmt":"2021-08-13T07:18:34","guid":{"rendered":"https:\/\/www.gymbrv.de\/?p=1720"},"modified":"2021-08-13T09:22:08","modified_gmt":"2021-08-13T07:22:08","slug":"ehemaligen-newsletter-2021-8","status":"publish","type":"post","link":"https:\/\/www.gymbrv.de\/index.php\/2021\/08\/13\/ehemaligen-newsletter-2021-8\/","title":{"rendered":"Ehemaligen-Newsletter 2021-8"},"content":{"rendered":"\n<div class=\"wp-block-file\"><a href=\"https:\/\/www.gymbrv.de\/wp-content\/uploads\/2021\/08\/Ehemalige-August-2021.pdf\">Newsletter August 2021<\/a><a href=\"https:\/\/www.gymbrv.de\/wp-content\/uploads\/2021\/08\/Ehemalige-August-2021.pdf\" class=\"wp-block-file__button\" download>Herunterladen<\/a><\/div>\n\n\n\n<p>Liebe Ehemalige!<\/p>\n\n\n\n<p>Ein au\u00dfergew\u00f6hnliches Schuljahr neigt sich dem Ende zu.<\/p>\n\n\n\n<p>Die Corona-Pandemie hat unsere Schule vor ganz neue Herausforderungen gestellt: Homeschooling, Wechselunterricht, Hygienepl\u00e4ne und st\u00e4ndig neue Vorgaben haben unseren Unterrichtsalltag v\u00f6llig ver\u00e4ndert.<\/p>\n\n\n\n<p>Insgesamt hat das Gymnasium Bremerv\u00f6rde die Lage gut gemeistert und wir sind bisher fast gar nicht von Infektionen betroffen gewesen. Alle Vorsichtsma\u00dfnahmen waren erfolgreich, so dass wir optimistisch dem neuen Schuljahr entgegensehen, was auch immer es bereith\u00e4lt.<\/p>\n\n\n\n<p>Am letzten Schultag stand die <strong>Verabschiedung <\/strong>von Frau B\u00f6rger, Frau Killinger und Herrn Franze im Vordergrund.<\/p>\n\n\n\n<p>Insbesondere die Pensionierung von Oberstudienrat Jan-Birger Franze sei hier erw\u00e4hnt, da viele von Ihnen ihn sicher noch kennen. Herr Franze hat 27 Jahre lang neben seinem Musikunterricht die vielf\u00e4ltigen musikalischen Veranstaltungen geplant und durchgef\u00fchrt, die Bl\u00e4serklasse eingerichtet und somit das Gymnasium durch seine Arbeit nachhaltig gepr\u00e4gt und bereichert. Ein herzliches Dankesch\u00f6n an ihn!<\/p>\n\n\n\n<div class=\"wp-block-image\"><figure class=\"aligncenter size-large\"><img loading=\"lazy\" decoding=\"async\" width=\"345\" height=\"303\" src=\"https:\/\/www.gymbrv.de\/wp-content\/uploads\/2021\/08\/Bild1_Fz.jpg\" alt=\"\" class=\"wp-image-1722\" srcset=\"https:\/\/www.gymbrv.de\/wp-content\/uploads\/2021\/08\/Bild1_Fz.jpg 345w, https:\/\/www.gymbrv.de\/wp-content\/uploads\/2021\/08\/Bild1_Fz-300x263.jpg 300w\" sizes=\"(max-width: 345px) 100vw, 345px\" \/><\/figure><\/div>\n\n\n\n<p>Ein weiteres Highlight am Schuljahresende war die <strong>Grundsteinlegung <\/strong>des Neubaus am 29.07.2021. In Anwesenheit eines kleinen Kreises der Beteiligten von Landkreis, Politik, der beiden Schulen und der Baufirma Goldbeck wurde eine Kapsel in die Bodenplatte des neuen Gymnasiums eingelassen, die  neben der aktuellen Tageszeitung, einigen Urkunden und einem Gl\u00fcckscent des Landrates u.a. auch vom Gymnasium Schreiben der Sch\u00fcler-\/ Elternschaft und die Leitgedanken der Schule zusammen mit einem aktuellen Kollegiumsfoto enth\u00e4lt.<\/p>\n\n\n\n<div class=\"wp-block-image\"><figure class=\"aligncenter size-large\"><img loading=\"lazy\" decoding=\"async\" width=\"340\" height=\"177\" src=\"https:\/\/www.gymbrv.de\/wp-content\/uploads\/2021\/08\/Bild-Rekordprojekt.png\" alt=\"\" class=\"wp-image-1723\" srcset=\"https:\/\/www.gymbrv.de\/wp-content\/uploads\/2021\/08\/Bild-Rekordprojekt.png 340w, https:\/\/www.gymbrv.de\/wp-content\/uploads\/2021\/08\/Bild-Rekordprojekt-300x156.png 300w\" sizes=\"(max-width: 340px) 100vw, 340px\" \/><\/figure><\/div>\n\n\n\n<p>F\u00fcr n\u00e4here Informationen zur Verabschiedung und zur Grundsteinlegung m\u00f6chte ich Sie auf die Zeitungsberichte verweisen, die Sie auf unserer Homepage einsehen k\u00f6nnen.<\/p>\n\n\n\n<p>Der <strong>Neubau <\/strong>macht in diesen Sommerferien rasante Fortschritte. Vorab gefertigte Betonbauteile werden t\u00e4glich angeliefert und aufgestellt. Schauen Sie einmal wieder per Webcam auf die Baustelle, der Blick lohnt sich.<\/p>\n\n\n\n<p>(<a href=\"https:\/\/goldbeck476.hi-res-cam.com\/\">https:\/\/goldbeck476.hi-res-cam.com <\/a>oder \u00fcber die Homepage unter Aktuelles\/Webcam)<\/p>\n\n\n\n<div class=\"wp-block-image\"><figure class=\"aligncenter size-large\"><img loading=\"lazy\" decoding=\"async\" width=\"287\" height=\"172\" src=\"https:\/\/www.gymbrv.de\/wp-content\/uploads\/2021\/08\/Bild4-Baustelle1.jpg\" alt=\"\" class=\"wp-image-1724\"\/><figcaption>Blick auf die Baustelle vom 11.08.2021<\/figcaption><\/figure><\/div>\n\n\n\n<div class=\"wp-block-image\"><figure class=\"aligncenter size-large\"><img loading=\"lazy\" decoding=\"async\" width=\"318\" height=\"179\" src=\"https:\/\/www.gymbrv.de\/wp-content\/uploads\/2021\/08\/Bild5-Baustelle5.jpg\" alt=\"\" class=\"wp-image-1725\" srcset=\"https:\/\/www.gymbrv.de\/wp-content\/uploads\/2021\/08\/Bild5-Baustelle5.jpg 318w, https:\/\/www.gymbrv.de\/wp-content\/uploads\/2021\/08\/Bild5-Baustelle5-300x169.jpg 300w\" sizes=\"(max-width: 318px) 100vw, 318px\" \/><figcaption>Die Baustelle bei Nacht<\/figcaption><\/figure><\/div>\n\n\n\n<p>Der Umzug in das neue Geb\u00e4ude ist f\u00fcr die Sommerferien 2022 geplant.<\/p>\n\n\n\n<p>Da uns einige Nachfragen erreichten, ob es eine M\u00f6glichkeit g\u00e4be, noch einmal durch das gelbe Gymnasium zu gehen, bevor es abgerissen wird, m\u00f6chte ich hier schon darauf hinweisen, dass wir einen Tag der offenen T\u00fcr f\u00fcr das Fr\u00fchjahr 2022 planen, um Ihnen dieses zu erm\u00f6glichen. Nach den Sommerferien werden wir mit konkreten Planungen beginnen und Sie rechtzeitig dar\u00fcber informieren.<\/p>\n\n\n\n<p>Einen sch\u00f6nen Sommer und bleiben Sie gesund!<\/p>\n\n\n\n<p>Mit herzlichen Gr\u00fc\u00dfen aus Ihrem alten Gymnasium Bremerv\u00f6rde<\/p>\n\n\n\n<p>Gabriele Heupel, Ehemaligenbeauftragte<\/p>\n","protected":false},"excerpt":{"rendered":"<p>Liebe Ehemalige! Die Corona-Pandemie hat unsere Schule vor ganz neue Herausforderungen gestellt: Homeschooling, Wechselunterricht, Hygienepl\u00e4ne und st\u00e4ndig neue Vorgaben haben unseren Unterrichtsalltag v\u00f6llig ver\u00e4ndert.<br \/>\nInsgesamt hat das Gymnasium Bremerv\u00f6rde die Lage gut gemeistert und wir sind bisher fast gar nicht von Infektionen betroffen gewesen. Alle Vorsichtsma\u00dfnahmen waren erfolgreich, so dass wir optimistisch dem neuen Schuljahr entgegensehen, was auch immer es bereith\u00e4lt.<\/p>\n","protected":false},"author":2,"featured_media":0,"comment_status":"closed","ping_status":"open","sticky":false,"template":"","format":"standard","meta":{"footnotes":""},"categories":[1,16],"tags":[],"_links":{"self":[{"href":"https:\/\/www.gymbrv.de\/index.php\/wp-json\/wp\/v2\/posts\/1720"}],"collection":[{"href":"https:\/\/www.gymbrv.de\/index.php\/wp-json\/wp\/v2\/posts"}],"about":[{"href":"https:\/\/www.gymbrv.de\/index.php\/wp-json\/wp\/v2\/types\/post"}],"author":[{"embeddable":true,"href":"https:\/\/www.gymbrv.de\/index.php\/wp-json\/wp\/v2\/users\/2"}],"replies":[{"embeddable":true,"href":"https:\/\/www.gymbrv.de\/index.php\/wp-json\/wp\/v2\/comments?post=1720"}],"version-history":[{"count":3,"href":"https:\/\/www.gymbrv.de\/index.php\/wp-json\/wp\/v2\/posts\/1720\/revisions"}],"predecessor-version":[{"id":1729,"href":"https:\/\/www.gymbrv.de\/index.php\/wp-json\/wp\/v2\/posts\/1720\/revisions\/1729"}],"wp:attachment":[{"href":"https:\/\/www.gymbrv.de\/index.php\/wp-json\/wp\/v2\/media?parent=1720"}],"wp:term":[{"taxonomy":"category","embeddable":true,"href":"https:\/\/www.gymbrv.de\/index.php\/wp-json\/wp\/v2\/categories?post=1720"},{"taxonomy":"post_tag","embeddable":true,"href":"https:\/\/www.gymbrv.de\/index.php\/wp-json\/wp\/v2\/tags?post=1720"}],"curies":[{"name":"wp","href":"https:\/\/api.w.org\/{rel}","templated":true}]}}