{"id":1734,"date":"2021-08-27T13:42:05","date_gmt":"2021-08-27T11:42:05","guid":{"rendered":"https:\/\/www.gymbrv.de\/?p=1734"},"modified":"2021-08-27T13:42:05","modified_gmt":"2021-08-27T11:42:05","slug":"informationen-zum-schulstart-hygienemassnahmen","status":"publish","type":"post","link":"https:\/\/www.gymbrv.de\/index.php\/2021\/08\/27\/informationen-zum-schulstart-hygienemassnahmen\/","title":{"rendered":"Informationen zum Schulstart \/ Hygienema\u00dfnahmen"},"content":{"rendered":"\n<p>Sehr geehrte Erziehungsberechtigte,<br>liebe Sch\u00fclerinnen und Sch\u00fcler,<\/p>\n\n\n\n<p>gestern und heute haben uns die neuesten Rundschreiben f\u00fcr den Schulstart 2021\/22 des nieders\u00e4chsischen Kultusministerium erreicht. Sie \/ ihr finden \/ findet diese Anschreiben und Informationen im Anhang. Ich bitte, diese unbedingt zu lesen, damit es n\u00e4chsten Donnerstag, 02.09.2021 mit Schulstart ohne all zu gro\u00dfes &#8222;Rumpeln&#8220; klappt.<\/p>\n\n\n\n<p>Ich m\u00f6chte zum Schulstart die wichtigsten Punkte hier kurz zusammenfassen:<\/p>\n\n\n\n<ul><li>Sowohl f\u00fcr Sch\u00fcler*Innen als auch Lehrkr\u00e4fte gilt Pr\u00e4senzpflicht (Szenario A). Ausnahmen von dieser Pr\u00e4senzpflicht k\u00f6nnen nur noch durch einen so genannten H\u00e4rtefallantrag genehmigt werden (siehe Anhang).<\/li><li>F\u00fcr die ersten 7 Schultage (02. bis 10.09.) muss t\u00e4glich (!) eine Selbsttestung der Sch\u00fcler*Innen durchgef\u00fchrt werden. Danach sind jeweils am Montag, Mittwoch und Freitag Selbsttestungen erforderlich. Wir werden deshalb am Donnerstag, 02.09. und am Freitag, 03.09. den Sch\u00fcler*Innen ausreichend Selbsttestkits austeilen. Zudem erhalten die Sch\u00fcler*Innen wie im letzten Schuljahr ein Formblatt (siehe Anhang), auf dem die Testergebnisse dokumentiert und von einem Erziehungsberechtigten gegengezeichnet sowie von der Lehrkraft zu Unterrichtsbeginn kontolliert werden. K\u00f6nnen Sch\u00fcler*Innen keinen Nachweis der Selbsttestung erbringen, m\u00fcssen sie sich vor dem Unterricht unter Aufsicht einer Lehrkraft vor Ort testen. Eine Selbsttestung bereits vollst\u00e4ndig geimpfter oder ggf. genesener Sch\u00fcler*Innen ist nicht notwendig! Es bedarf allerdings eines entsprechenden Nachweises, der der Klassenlehrkraft vorzulegen ist!<\/li><li>Im Falle einer positiven Selbsttestung zu Hause d\u00fcrfen Sch\u00fcler*Innen die Schule nicht betreten. Die Schulleitung ist \u00fcber das Sekretariat (Tel.-Nr. 04761-9835555) umgehend zu informieren. Die weiteren Ma\u00dfnahmen werden durch das Kreisgesundheitsamt veranlasst. Ich weise vorsorglich darauf hin, dass die Schulleitung keine M\u00f6glichkeit des Einwirkens auf die Entscheidungen des Kreisgesundheitsamts hat.<\/li><li>Die Maskenpflicht im Unterricht und im Schulgeb\u00e4ude bleibt weiterhin bestehen. Sch\u00fcler*Innen \u00fcber 14 Jahren m\u00fcssen medizinische Masken tragen, Sch\u00fcler*Innen unter 14 Jahren d\u00fcrfen Stoffmasken nutzen. Wir werden wie im vergangenem Schuljahr w\u00e4hrend der L\u00fcftungsphasen je nach Unterrichtssituation die M\u00f6glichkeit geben, dass die Sch\u00fcler*Innen trinken k\u00f6nnen. W\u00e4hrend der gro\u00dfen Pausen au\u00dferhalb des Schulgeb\u00e4udes besteht keine Maskenpflicht, die Pausenhofbereiche f\u00fcr bestimmte Jahrg\u00e4nge (Kohorten) bleiben wie im letzten Schuljahr erhalten. Sch\u00fcler*Innen mit attestierter, medizinischer Indikation k\u00f6nnen von der Maskenpflicht befreit werden.<\/li><li>Es gilt auch weiterhin au\u00dferhalb der Unterrichtsr\u00e4ume das Abstandsgebot von mindestens 1,5 Metern.<\/li><li>Eine gute Nachricht stellt nach meinem Empfinden die Aussage des Kultusministeriums dar, dass in den ersten beiden Schulwochen keine schriftlichen Leistungsnachweise durchgef\u00fchrt werden sollen.<\/li><\/ul>\n\n\n\n<p>Wir werden unser bisheriges Hygienekonzept mit den neuen Vorgaben abgleichen sowie ggf. anpassen und hoffen, dass es weiterhin so gut funktioniert, wie im letzten Schuljahr.<\/p>\n\n\n\n<p>Ich bin \u00fcberzeugt, dass wir unter Beachtung dieser Schutzma\u00dfnahmen einen guten Start ins neue Schuljahr 2021\/22 hinlegen werden. Die Schulleitung des Gymnasiums Bremerv\u00f6rde w\u00fcnscht Ihnen \/ euch allen noch erholsame und sch\u00f6ne restliche Ferientage, bleiben Sie \/ bleibt gesund<\/p>\n\n\n\n<p>Dr. Uwe Strohbach<\/p>\n\n\n\n<div class=\"wp-block-file\"><a href=\"https:\/\/www.gymbrv.de\/wp-content\/uploads\/2021\/08\/2021-08-24_Brief_an_Eltern_und_Erziehungsberechtigte.pdf\">Brief an Eltern und Erziehungsberechtigte<\/a><a href=\"https:\/\/www.gymbrv.de\/wp-content\/uploads\/2021\/08\/2021-08-24_Brief_an_Eltern_und_Erziehungsberechtigte.pdf\" class=\"wp-block-file__button\" download>Herunterladen<\/a><\/div>\n\n\n\n<div class=\"wp-block-file\"><a href=\"https:\/\/www.gymbrv.de\/wp-content\/uploads\/2021\/08\/2021-08-24_Infopaket_Schulstart.pdf\">Infopaket Schulstart<\/a><a href=\"https:\/\/www.gymbrv.de\/wp-content\/uploads\/2021\/08\/2021-08-24_Infopaket_Schulstart.pdf\" class=\"wp-block-file__button\" download>Herunterladen<\/a><\/div>\n\n\n\n<div class=\"wp-block-file\"><a href=\"https:\/\/www.gymbrv.de\/wp-content\/uploads\/2021\/08\/2021-08-26-Anlage_zu_Rundverf_gung_22-2021-Formular_-_Antrag_auf_Befreiung_vom_Pr_senzunterricht_im_H_rtefall_f_r_Sch_lerinnen_und_Sch_ler.pdf\">Anlage zur Rundverf\u00fcgung \/ Formular Antrag auf Befreiung vom Pr\u00e4senzunterricht<\/a><a href=\"https:\/\/www.gymbrv.de\/wp-content\/uploads\/2021\/08\/2021-08-26-Anlage_zu_Rundverf_gung_22-2021-Formular_-_Antrag_auf_Befreiung_vom_Pr_senzunterricht_im_H_rtefall_f_r_Sch_lerinnen_und_Sch_ler.pdf\" class=\"wp-block-file__button\" download>Herunterladen<\/a><\/div>\n\n\n\n<div class=\"wp-block-file\"><a href=\"https:\/\/www.gymbrv.de\/wp-content\/uploads\/2021\/08\/Corona-Selbsttest-Dokumentationsbogen.pdf\">Corona-Selbsttest Dokumentationsbogen<\/a><a href=\"https:\/\/www.gymbrv.de\/wp-content\/uploads\/2021\/08\/Corona-Selbsttest-Dokumentationsbogen.pdf\" class=\"wp-block-file__button\" download>Herunterladen<\/a><\/div>\n","protected":false},"excerpt":{"rendered":"<p>Gestern und heute haben uns die neuesten Rundschreiben f\u00fcr den Schulstart 2021\/22 des nieders\u00e4chsischen Kultusministerium erreicht. Sie \/ ihr finden \/ findet diese Anschreiben und Informationen im Anhang. Ich bitte, diese unbedingt zu lesen, damit es n\u00e4chsten Donnerstag, 02.09.2021 mit Schulstart ohne all zu gro\u00dfes &#8222;Rumpeln&#8220; klappt.<\/p>\n","protected":false},"author":1,"featured_media":0,"comment_status":"closed","ping_status":"open","sticky":false,"template":"","format":"standard","meta":{"footnotes":""},"categories":[6],"tags":[],"_links":{"self":[{"href":"https:\/\/www.gymbrv.de\/index.php\/wp-json\/wp\/v2\/posts\/1734"}],"collection":[{"href":"https:\/\/www.gymbrv.de\/index.php\/wp-json\/wp\/v2\/posts"}],"about":[{"href":"https:\/\/www.gymbrv.de\/index.php\/wp-json\/wp\/v2\/types\/post"}],"author":[{"embeddable":true,"href":"https:\/\/www.gymbrv.de\/index.php\/wp-json\/wp\/v2\/users\/1"}],"replies":[{"embeddable":true,"href":"https:\/\/www.gymbrv.de\/index.php\/wp-json\/wp\/v2\/comments?post=1734"}],"version-history":[{"count":1,"href":"https:\/\/www.gymbrv.de\/index.php\/wp-json\/wp\/v2\/posts\/1734\/revisions"}],"predecessor-version":[{"id":1739,"href":"https:\/\/www.gymbrv.de\/index.php\/wp-json\/wp\/v2\/posts\/1734\/revisions\/1739"}],"wp:attachment":[{"href":"https:\/\/www.gymbrv.de\/index.php\/wp-json\/wp\/v2\/media?parent=1734"}],"wp:term":[{"taxonomy":"category","embeddable":true,"href":"https:\/\/www.gymbrv.de\/index.php\/wp-json\/wp\/v2\/categories?post=1734"},{"taxonomy":"post_tag","embeddable":true,"href":"https:\/\/www.gymbrv.de\/index.php\/wp-json\/wp\/v2\/tags?post=1734"}],"curies":[{"name":"wp","href":"https:\/\/api.w.org\/{rel}","templated":true}]}}