{"id":1785,"date":"2021-09-29T19:11:19","date_gmt":"2021-09-29T17:11:19","guid":{"rendered":"https:\/\/www.gymbrv.de\/?p=1785"},"modified":"2021-09-29T19:11:19","modified_gmt":"2021-09-29T17:11:19","slug":"organisations-und-lernhilfen-der-schlaue-rudy","status":"publish","type":"post","link":"https:\/\/www.gymbrv.de\/index.php\/2021\/09\/29\/organisations-und-lernhilfen-der-schlaue-rudy\/","title":{"rendered":"Organisations- und Lernhilfen &#8222;Der schlaue Rudy&#8220;"},"content":{"rendered":"\n<div class=\"wp-block-columns is-layout-flex wp-container-core-columns-layout-1 wp-block-columns-is-layout-flex\">\n<div class=\"wp-block-column is-layout-flow wp-block-column-is-layout-flow\" style=\"flex-basis:33.33%\">\n<figure class=\"wp-block-image size-large\"><img loading=\"lazy\" decoding=\"async\" width=\"162\" height=\"228\" src=\"https:\/\/www.gymbrv.de\/wp-content\/uploads\/2021\/09\/rudy.png\" alt=\"\" class=\"wp-image-1781\"\/><\/figure>\n<\/div>\n\n\n\n<div class=\"wp-block-column is-layout-flow wp-block-column-is-layout-flow\" style=\"flex-basis:66.66%\">\n<p>Das Gymnasium Bremerv\u00f6rde hat ein Lernheft zusammengestellt, um unseren neuen Sch\u00fcler\/innen des 5. Jahrgangs den Einstieg in unsere Schulform zu erleichtern.<\/p>\n\n\n\n<p>Das Heft &#8222;Der schlaue Rudy&#8220; pr\u00e4sentiert Organisations- und Lernhilfen, die das allgemeine Lernen bei uns (je nach Vorkenntnissen deutlich) erleichtern kann.<\/p>\n<\/div>\n<\/div>\n\n\n\n<p>Auch wenn wir &#8222;das Rad nicht neu erfinden&#8220;, kann unser Lernheft vielleicht einen gedanklichen Ansto\u00df geben oder Lernstrategien aufzeigen, welche Euch vielleicht bisher unbekannt waren.<\/p>\n\n\n\n<p>Diese k\u00f6nnten auch f\u00fcr Sch\u00fcler\/innen der h\u00f6heren Klassenstufen interessant sein, obwohl diese schon seit einiger Zeit bei uns sind. Aufgrund dieser R\u00fcckmeldung der \u00e4lteren Sch\u00fcler\/innen haben wir uns dazu entschlossen, den schlauen Rudy f\u00fcr alle Lernenden unserer Schule digital zug\u00e4nglich zu machen.<\/p>\n\n\n\n<p>Alle Inhaber eines IServ-Zugangs unserer Schule k\u00f6nnen das Lernheft \u00fcber <a href=\"https:\/\/gymbrv.eu\/iserv\/custom\/893\/der-schlaue-rudy\" target=\"_blank\" rel=\"noreferrer noopener\">diesen Link<\/a> herunterladen. Es sind auch noch einige gedruckte Hefte in professioneller Qualit\u00e4t vorhanden, die bei Interesse zum Selbstkostenpreis von 3,90 \u20ac bei Herrn Holler erworben werden k\u00f6nnen.<\/p>\n\n\n\n<p>Viel Spa\u00df mit unserem &#8222;schlauen Rudy&#8220;!<\/p>\n","protected":false},"excerpt":{"rendered":"<p>Das Gymnasium Bremerv\u00f6rde hat ein Lernheft zusammengestellt, um unseren neuen Sch\u00fcler\/innen des 5. Jahrgangs den Einstieg in unsere Schulform zu erleichtern.<\/p>\n","protected":false},"author":1,"featured_media":1781,"comment_status":"closed","ping_status":"open","sticky":false,"template":"","format":"standard","meta":{"footnotes":""},"categories":[1],"tags":[],"_links":{"self":[{"href":"https:\/\/www.gymbrv.de\/index.php\/wp-json\/wp\/v2\/posts\/1785"}],"collection":[{"href":"https:\/\/www.gymbrv.de\/index.php\/wp-json\/wp\/v2\/posts"}],"about":[{"href":"https:\/\/www.gymbrv.de\/index.php\/wp-json\/wp\/v2\/types\/post"}],"author":[{"embeddable":true,"href":"https:\/\/www.gymbrv.de\/index.php\/wp-json\/wp\/v2\/users\/1"}],"replies":[{"embeddable":true,"href":"https:\/\/www.gymbrv.de\/index.php\/wp-json\/wp\/v2\/comments?post=1785"}],"version-history":[{"count":2,"href":"https:\/\/www.gymbrv.de\/index.php\/wp-json\/wp\/v2\/posts\/1785\/revisions"}],"predecessor-version":[{"id":1787,"href":"https:\/\/www.gymbrv.de\/index.php\/wp-json\/wp\/v2\/posts\/1785\/revisions\/1787"}],"wp:featuredmedia":[{"embeddable":true,"href":"https:\/\/www.gymbrv.de\/index.php\/wp-json\/wp\/v2\/media\/1781"}],"wp:attachment":[{"href":"https:\/\/www.gymbrv.de\/index.php\/wp-json\/wp\/v2\/media?parent=1785"}],"wp:term":[{"taxonomy":"category","embeddable":true,"href":"https:\/\/www.gymbrv.de\/index.php\/wp-json\/wp\/v2\/categories?post=1785"},{"taxonomy":"post_tag","embeddable":true,"href":"https:\/\/www.gymbrv.de\/index.php\/wp-json\/wp\/v2\/tags?post=1785"}],"curies":[{"name":"wp","href":"https:\/\/api.w.org\/{rel}","templated":true}]}}