{"id":1847,"date":"2021-11-05T16:16:28","date_gmt":"2021-11-05T15:16:28","guid":{"rendered":"https:\/\/www.gymbrv.de\/?p=1847"},"modified":"2021-11-05T16:16:28","modified_gmt":"2021-11-05T15:16:28","slug":"neubauprojekt-liegt-voll-im-zeitplan","status":"publish","type":"post","link":"https:\/\/www.gymbrv.de\/index.php\/2021\/11\/05\/neubauprojekt-liegt-voll-im-zeitplan\/","title":{"rendered":"Neubauprojekt liegt voll im Zeitplan"},"content":{"rendered":"\n<p>Richtfest am Gymnasium Bremerv\u00f6rde &#8211; Im neuen Schuljahr soll auf 9000 Quadratmetern  Geschossfl\u00e4che unterrichtet werden (Bremerv\u00f6rder Zeitung vom 05.11.2021)<\/p>\n\n\n\n<figure class=\"wp-block-image size-large\"><img loading=\"lazy\" decoding=\"async\" width=\"1001\" height=\"1024\" src=\"https:\/\/www.gymbrv.de\/wp-content\/uploads\/2021\/11\/Richtfest-BZ-1001x1024.jpeg\" alt=\"\" class=\"wp-image-1849\" srcset=\"https:\/\/www.gymbrv.de\/wp-content\/uploads\/2021\/11\/Richtfest-BZ-1001x1024.jpeg 1001w, https:\/\/www.gymbrv.de\/wp-content\/uploads\/2021\/11\/Richtfest-BZ-293x300.jpeg 293w, https:\/\/www.gymbrv.de\/wp-content\/uploads\/2021\/11\/Richtfest-BZ-768x786.jpeg 768w, https:\/\/www.gymbrv.de\/wp-content\/uploads\/2021\/11\/Richtfest-BZ.jpeg 1202w\" sizes=\"(max-width: 1001px) 100vw, 1001px\" \/><\/figure>\n","protected":false},"excerpt":{"rendered":"<p>Auch die Bremerv\u00f6rder Zeitung berichtet \u00fcber das &#8222;Leuchtturmprojekt Neubau&#8220; und die Feierlichkeiten zum Richtfest am 03.11.2021.<\/p>\n","protected":false},"author":2,"featured_media":1848,"comment_status":"closed","ping_status":"open","sticky":false,"template":"","format":"standard","meta":{"footnotes":""},"categories":[5],"tags":[],"_links":{"self":[{"href":"https:\/\/www.gymbrv.de\/index.php\/wp-json\/wp\/v2\/posts\/1847"}],"collection":[{"href":"https:\/\/www.gymbrv.de\/index.php\/wp-json\/wp\/v2\/posts"}],"about":[{"href":"https:\/\/www.gymbrv.de\/index.php\/wp-json\/wp\/v2\/types\/post"}],"author":[{"embeddable":true,"href":"https:\/\/www.gymbrv.de\/index.php\/wp-json\/wp\/v2\/users\/2"}],"replies":[{"embeddable":true,"href":"https:\/\/www.gymbrv.de\/index.php\/wp-json\/wp\/v2\/comments?post=1847"}],"version-history":[{"count":1,"href":"https:\/\/www.gymbrv.de\/index.php\/wp-json\/wp\/v2\/posts\/1847\/revisions"}],"predecessor-version":[{"id":1850,"href":"https:\/\/www.gymbrv.de\/index.php\/wp-json\/wp\/v2\/posts\/1847\/revisions\/1850"}],"wp:featuredmedia":[{"embeddable":true,"href":"https:\/\/www.gymbrv.de\/index.php\/wp-json\/wp\/v2\/media\/1848"}],"wp:attachment":[{"href":"https:\/\/www.gymbrv.de\/index.php\/wp-json\/wp\/v2\/media?parent=1847"}],"wp:term":[{"taxonomy":"category","embeddable":true,"href":"https:\/\/www.gymbrv.de\/index.php\/wp-json\/wp\/v2\/categories?post=1847"},{"taxonomy":"post_tag","embeddable":true,"href":"https:\/\/www.gymbrv.de\/index.php\/wp-json\/wp\/v2\/tags?post=1847"}],"curies":[{"name":"wp","href":"https:\/\/api.w.org\/{rel}","templated":true}]}}