{"id":2146,"date":"2023-04-16T20:12:00","date_gmt":"2023-04-16T18:12:00","guid":{"rendered":"https:\/\/www.gymbrv.de\/?p=2146"},"modified":"2023-05-21T16:03:58","modified_gmt":"2023-05-21T14:03:58","slug":"anmeldung-der-neuen-5-klassen","status":"publish","type":"post","link":"https:\/\/www.gymbrv.de\/index.php\/2023\/04\/16\/anmeldung-der-neuen-5-klassen\/","title":{"rendered":"Anmeldung der \u201eneuen 5. Klassen\u201c"},"content":{"rendered":"\n<p>Dieser Beitrag erg\u00e4nzt die <a href=\"https:\/\/www.gymbrv.de\/wp-content\/uploads\/2023\/04\/GymBRV_2023_Infoabend_B.pdf\" target=\"_blank\" rel=\"noreferrer noopener\">Informationen des Informationsabends<\/a> f\u00fcr die neuen 5. Klassen.<\/p>\n\n\n\n<p>Die <strong>Anmeldungen<\/strong> an unserer Schule finden an folgenden Terminen im Sekretariat statt:<\/p>\n\n\n\n<ul>\n<li>Dienstag, 02. Mai 2023, 10:00 \u2013 14:00 Uhr, Buchstaben A-H<\/li>\n\n\n\n<li>Mittwoch, 03. Mai 2023, 10:00 \u2013 14:00 Uhr, Buchstaben I-P<\/li>\n\n\n\n<li>Donnerstag, 04. Mai 2023, 10:00 \u2013 14:00 Uhr, Buchstaben Q-Z<\/li>\n<\/ul>\n\n\n\n<p>Sollte einer der angegebenen Termine nicht wahrgenommen werden k\u00f6nnen, so kann gerne telefonisch ein Ausweichtermin mit dem Sekretariat vereinbart werden (04761 \u2013 983-5555).<\/p>\n\n\n\n<p>Zur Anmeldung ben\u00f6tigen wir eine Kopie des <strong>Halbjahreszeugnisses<\/strong> der 4. Klasse sowie der <strong>Geburtsurkunde<\/strong>.<\/p>\n\n\n\n<p>Wenn die Eltern getrennt leben oder nicht beide Elternteile sorgeberechtigt sind, ist diesbez\u00fcglich bei der Anmeldung ein Nachweis zu erbringen (gerichtliche&nbsp;Entscheidung, Negativbescheinigung des Jugendamtes) oder eine schriftliche Vollmacht des nicht anwesenden Sorgeberechtigten vorzulegen.<\/p>\n\n\n\n<p>Falls Sie die <strong>Anmeldeformulare<\/strong> vorab ausf\u00fcllen m\u00f6chten, k\u00f6nnen Sie sie hier herunterladen:<\/p>\n\n\n\n<ul>\n<li><a href=\"https:\/\/www.gymbrv.de\/wp-content\/uploads\/2023\/04\/AnmeldescheinKlasse5_2023.pdf\" target=\"_blank\" rel=\"noreferrer noopener\">Anmeldeformular<\/a><\/li>\n\n\n\n<li><a href=\"https:\/\/www.gymbrv.de\/wp-content\/uploads\/2023\/04\/schulbuecher.pdf\">B\u00fccherliste \/ Ausleihverfahren<\/a><\/li>\n\n\n\n<li><a href=\"https:\/\/www.gymbrv.de\/wp-content\/uploads\/2023\/04\/Blaeserklasse23-25bearbeitbar.pdf\" target=\"_blank\" rel=\"noreferrer noopener\">Bl\u00e4serklasse<\/a><\/li>\n\n\n\n<li>Ver\u00f6ffentlichung Homepage \/ Presse (demn\u00e4chst)<\/li>\n<\/ul>\n\n\n\n<p>Ein Antrag auf die Ausstellung eines <strong>Fahrscheins f\u00fcr die Sch\u00fclerbef\u00f6rderung<\/strong> soll \u00fcber diese Adresse des Landkreises gestellt werden:<\/p>\n\n\n\n<p><a href=\"https:\/\/www.navo.niedersachsen.de\/navo2\/go\/a\/1395\">Antrag auf Ausstellung einer Sch\u00fclersammelzeitkarte im \u00f6ffentlichen Personennahverkehr oder eines Berechtigungsausweises im freigestellten Sch\u00fclerverkehr<\/a><\/p>\n","protected":false},"excerpt":{"rendered":"<p>Informationen f\u00fcr die Anmeldung Ihres Kindes f\u00fcr das kommende Schuljahr (Update 20.04.23: Anmeldeformular verf\u00fcgbar)<\/p>\n","protected":false},"author":1,"featured_media":0,"comment_status":"closed","ping_status":"open","sticky":false,"template":"","format":"standard","meta":{"footnotes":""},"categories":[6],"tags":[],"_links":{"self":[{"href":"https:\/\/www.gymbrv.de\/index.php\/wp-json\/wp\/v2\/posts\/2146"}],"collection":[{"href":"https:\/\/www.gymbrv.de\/index.php\/wp-json\/wp\/v2\/posts"}],"about":[{"href":"https:\/\/www.gymbrv.de\/index.php\/wp-json\/wp\/v2\/types\/post"}],"author":[{"embeddable":true,"href":"https:\/\/www.gymbrv.de\/index.php\/wp-json\/wp\/v2\/users\/1"}],"replies":[{"embeddable":true,"href":"https:\/\/www.gymbrv.de\/index.php\/wp-json\/wp\/v2\/comments?post=2146"}],"version-history":[{"count":16,"href":"https:\/\/www.gymbrv.de\/index.php\/wp-json\/wp\/v2\/posts\/2146\/revisions"}],"predecessor-version":[{"id":3647,"href":"https:\/\/www.gymbrv.de\/index.php\/wp-json\/wp\/v2\/posts\/2146\/revisions\/3647"}],"wp:attachment":[{"href":"https:\/\/www.gymbrv.de\/index.php\/wp-json\/wp\/v2\/media?parent=2146"}],"wp:term":[{"taxonomy":"category","embeddable":true,"href":"https:\/\/www.gymbrv.de\/index.php\/wp-json\/wp\/v2\/categories?post=2146"},{"taxonomy":"post_tag","embeddable":true,"href":"https:\/\/www.gymbrv.de\/index.php\/wp-json\/wp\/v2\/tags?post=2146"}],"curies":[{"name":"wp","href":"https:\/\/api.w.org\/{rel}","templated":true}]}}