{"id":2168,"date":"2022-04-17T11:16:20","date_gmt":"2022-04-17T09:16:20","guid":{"rendered":"https:\/\/www.gymbrv.de\/?p=2168"},"modified":"2022-04-17T11:20:10","modified_gmt":"2022-04-17T09:20:10","slug":"mitteilungen-aus-der-schule-15-04-22","status":"publish","type":"post","link":"https:\/\/www.gymbrv.de\/index.php\/2022\/04\/17\/mitteilungen-aus-der-schule-15-04-22\/","title":{"rendered":"Mitteilungen aus der Schule (15.04.22)"},"content":{"rendered":"\n<div class=\"wp-block-file\"><a href=\"https:\/\/www.gymbrv.de\/wp-content\/uploads\/2022\/04\/Schulmitteilungen-2021-22-04n.pdf\" class=\"wp-block-file__button\" download>PDF herunterladen<\/a><\/div>\n\n\n\n<p>Liebe Erziehungsberechtigte,<br>liebe Sch\u00fclerinnen und Sch\u00fcler,<br>liebe Kolleginnen und Kollegen,<\/p>\n\n\n\n<p>wir werden in diesem Schuljahr das dritte Osterfestfest unter dem Einfluss von Corona feiern. Wer von uns h\u00e4tte gedacht, dass dieses Virus unser Leben so lange beeintr\u00e4chtigt? Hinzu kommt seit M\u00e4rz der Angriffskrieg Russlands gegen die Ukraine. Wer von uns h\u00e4tte geglaubt, dass in Europa, kaum 800 km von uns entfernt, noch einmal ein Konflikt mit Waffen ausgetragen werden w\u00fcrde?<\/p>\n\n\n\n<p>In Bezug auf Corona haben die politisch Verantwortlichen eine Ausstiegsstrategie aus den Corona-Ma\u00dfnahmen auch innerhalb der Schule beschlossen. Viele Ma\u00dfnahmen sind inzwischen aufgehoben, ab Wiederbeginn der Schule nach den Osterferien am Mittwoch, 20.04.2022 ist die Maskenpflicht f\u00fcr alle Jahrg\u00e4nge aufgehoben, allerdings werden wir uns bis Freitag, 29.04.2022 wie bisher t\u00e4glich selbst testen (\u201eSicherheitsnetz\u201c), ab Montag, 02.05.2022 wird vomnieders\u00e4chsischen Kultusministerium empfohlen, dass Sch\u00fclerInnen und Lehrkr\u00e4fte sich dreimal in der Woche freiwillig selbst testen. Dieser Empfehlung schlie\u00dfe ich mich an, denn so k\u00f6nnen wir Infektionen fr\u00fchzeitig erkennen und die Infektionen weiterer Sch\u00fclerInnen und Lehrkr\u00e4fte minimieren. Im Landesdurchschnitt ist das Gymnasium Bremerv\u00f6rde mit vergleichweise niedrigen Infektionszahlen sowohl bei Sch\u00fclerInnen als auch bei Lehrkr\u00e4ften positiv aufgefallen. Diesen Trend w\u00fcrde ich gerne fortsetzen, deshalb empfehle ich zus\u00e4tzlich, auch weiterhin in der Schule FFP-Masken zu tragen. Ich werde diese jedenfalls so lange tragen, bis die Inzidenzen deutlich niedrigere Zahlen ausweisen.<\/p>\n\n\n\n<p>Der Krieg in der Ukraine hat inzwischen auch das Gymnasium Bremerv\u00f6rde erreicht, vor den Osterferien haben wir den ersten ukrainischen Sch\u00fcler bei uns aufgenommen. Nach den Osterferien werden wir sicherlich weitere ukrainische Sch\u00fclerInnen begr\u00fc\u00dfen d\u00fcrfen. Mit den anderen Schulen in Bremerv\u00f6rde ist vereinbart, dass wir gemeinsam \u00fcber die Beschulung dieser Sch\u00fclerInnen beschlie\u00dfen, um f\u00fcr sie bei uns in Bremerv\u00f6rde die bestm\u00f6gliche Bildung zu erm\u00f6glichen. Frau Kasper besitzt ukrainische Sprachkenntnisse und wird die Schulleitung beraten, daf\u00fcr m\u00f6chte ich hier bereits meinen Dank aussprechen.<\/p>\n\n\n\n<p>Wir w\u00fcrden uns freuen, wenn m\u00f6glichst viele Erziehungsberechtigte uns bei der Betreuung dieser Sch\u00fclerInnen unterst\u00fctzen w\u00fcrden. Wir werden Sie in K\u00fcrze \u00fcber entsprechende Projekte informieren.<\/p>\n\n\n\n<p><strong>Personalia<\/strong><\/p>\n\n\n\n<p>Frau EILERS (Geschichte, Politik &amp; Wirtschaft) hat Mitte Februar nach erfolgreichem Abschluss ihres Referendariats den Dienst bei uns aufgenommen.<\/p>\n\n\n\n<p>Herr SEEBERGER (Kunst, Werte &amp; Normen), der uns im zweiten Schulhalbjahr mit 10 Wochenstunden in Kunst unterst\u00fctzt (Abordnung vom VLG in Stade), wird ab dem Schuljahr 2022\/23 mit voller Stundenzahl das Kollegium unterst\u00fctzen. Denn leider stehen zwei der drei Langzeiterkrankten auch nach den Osterferien noch nicht zur Verf\u00fcgung. Wir freuen uns, dass Herr PL\u00d6TZ wieder den Dienst aufnehmen konnte (zurzeit noch in der beruflichen Wiedereingliederungsphase).<\/p>\n\n\n\n<p>F\u00fcr die Einstellungsrunde zum 01.08.2022 hat uns die RLSB L\u00fcneburg eine Stelle zugewiesen.<\/p>\n\n\n\n<p>Unsere Schulsekret\u00e4rin Frau PROPESKO wird uns auch nach den Osterferien schmerzlich fehlen. Nach l\u00e4ngerem Hin und Her hat der Landkreis jetzt den Prozess eingeleitet, f\u00fcr sie eine Ersatz- \/Hilfskraft einzustellen. Frau Brunckhorst ist zurzeit nach wie vor allein und leistet schier \u00dcbermenschliches. Frau REITMANN unterst\u00fctzt sie dankenswerter Weise. Ich bitte deshalb inst\u00e4ndig, sie nicht durch \u201eoptionale Anfragen\u201c zu belasten und zu entschuldigen, wenn es bei der Bearbeitung nicht so schnell geht wie bei \u201enormaler Besetzung\u201c unseres Schulsekretariats.<\/p>\n\n\n\n<p><strong>Aussicht auf das weitere Schulhalbjahr<\/strong><\/p>\n\n\n\n<p>Nach den Osterferien stehen die schriftlichen Abiturpr\u00fcfungen an. Im Rahmen des Neubaus mussten wir bereits vor den Osterferien das T-Deck r\u00e4umen, damit die dort vorgesehenen Umbauarbeiten bis zum Start des neuen Schuljahres 2022\/23 abgeschlossen werden k\u00f6nnen. Dadurch sind wir gezwungen, f\u00fcr das schriftliche Abitur das V-Deck inklusive der Aula zu nutzen. In dieser Zeit werden einige Lerngruppen in andere R\u00e4ume \u201eumziehen\u201c m\u00fcssen. Wir bitten deshalb, dass alle Sch\u00fclerInnen in den kommenden drei Wochen den Vertretungsplan genau zu beachten und Verst\u00e4ndnis f\u00fcr diese Vorgehensweise in diesem Jahr aufzubringen.<\/p>\n\n\n\n<p>Im Februar haben wir eine erste Aufr\u00e4umaktion erfolgreich durchgef\u00fchrt. Bis zum endg\u00fcltigen Umzug werden weitere Aufr\u00e4um- und vor allen Packarbeiten anstehen, insbesondere auch in der Verwaltung. Wir bitten deshalb auch um Verst\u00e4ndnis, wenn die Bearbeitung von Verwaltungsangelegenheiten l\u00e4nger als sonst dauern kann.<\/p>\n\n\n\n<p>Am Mittwoch, 20.04.2022 werden wir unseren traditionellen Schnuppertag f\u00fcr unsere neuen F\u00fcnftkl\u00e4sslerInnen durchf\u00fchren. Weitere Informationen \u00fcber diesen Tag finden Sie auf der Homepage des Gymnasiums Bremerv\u00f6rde.<\/p>\n\n\n\n<p><strong>Neubau Gymnasium<\/strong><\/p>\n\n\n\n<p>Nach Auskunft der Firma GOLDBECK hat der anvisierte Einzugstermin nach den Sommerferien 2022 weiterhin G\u00fcltigkeit. Inzwischen schreitet der Innenausbau voran, leider kann dieser nicht durch die Kamera der Firma GOLDBECK verfolgt werden.<\/p>\n\n\n\n<p><strong>Projekte und Veranstaltungen<\/strong><\/p>\n\n\n\n<p>Im M\u00e4rz waren alle Sch\u00fclerInnen des 7. Jahrgangs in Harsefeld zum Schlittschuhlaufen. Ich war selbst mit dabei und darf feststellen, dass die Veranstaltung hervorragend von unserer Referendarin Frau EITENEIER geplant war. Aber noch sch\u00f6ner war, die Freude der Sch\u00fclerInnen zu sehen, endlich wieder gemeinsam \u201etoben\u201c zu d\u00fcrfen (auch trotz Maskenpflicht in der Eishalle).<\/p>\n\n\n\n<div class=\"wp-block-image\"><figure class=\"aligncenter size-full\"><img loading=\"lazy\" decoding=\"async\" width=\"580\" height=\"435\" src=\"https:\/\/www.gymbrv.de\/wp-content\/uploads\/2022\/04\/smtlg2204.jpg\" alt=\"\" class=\"wp-image-2170\" srcset=\"https:\/\/www.gymbrv.de\/wp-content\/uploads\/2022\/04\/smtlg2204.jpg 580w, https:\/\/www.gymbrv.de\/wp-content\/uploads\/2022\/04\/smtlg2204-300x225.jpg 300w, https:\/\/www.gymbrv.de\/wp-content\/uploads\/2022\/04\/smtlg2204-100x75.jpg 100w\" sizes=\"(max-width: 580px) 100vw, 580px\" \/><\/figure><\/div>\n\n\n\n<p>F\u00fcr das restliche Schuljahr sind nun wie der Klassenreisen m\u00f6glich, die auch von der Schulleitung unterst\u00fctzt werden. Auch werden wir hoffentlich \u00fcber weitere Unternehmungen wie das Schlittschuhlaufen berichten k\u00f6nnen.<\/p>\n\n\n\n<p><strong>Termine<\/strong><\/p>\n\n\n\n<ul><li>Schnuppertag f\u00fcr die neuen F\u00fcnftkl\u00e4sslerInnen:<br>Mittwoch, 20.04.2022<\/li><li>Schriftliches Abitur:<br>von Donnerstag, 21.04. bis Dienstag, 10.05.2022<\/li><li>M\u00fcndliches Abitur:<br>Montag, 23.05. bis Mittwoch, 25.05.2022 (der Pr\u00e4senzunterricht f\u00fcr alle anderen Jahrg\u00e4nge f\u00e4llt an diesen Tagen aus)<\/li><li>Anmeldungen neue F\u00fcnftkl\u00e4ssler:<br>Montag, 02.05 bis Mittwoch, 04.05.2022 (weitere Informationen siehe Homepage)<\/li><\/ul>\n\n\n\n<p>OStD Dr. Uwe Strohbach<\/p>\n","protected":false},"excerpt":{"rendered":"<p>Wir werden in diesem Schuljahr das dritte Osterfestfest unter dem Einfluss von Corona feiern. Wer von uns h\u00e4tte gedacht, dass dieses Virus unser Leben so lange beeintr\u00e4chtigt?<\/p>\n","protected":false},"author":1,"featured_media":2175,"comment_status":"closed","ping_status":"open","sticky":false,"template":"","format":"standard","meta":{"footnotes":""},"categories":[6],"tags":[],"_links":{"self":[{"href":"https:\/\/www.gymbrv.de\/index.php\/wp-json\/wp\/v2\/posts\/2168"}],"collection":[{"href":"https:\/\/www.gymbrv.de\/index.php\/wp-json\/wp\/v2\/posts"}],"about":[{"href":"https:\/\/www.gymbrv.de\/index.php\/wp-json\/wp\/v2\/types\/post"}],"author":[{"embeddable":true,"href":"https:\/\/www.gymbrv.de\/index.php\/wp-json\/wp\/v2\/users\/1"}],"replies":[{"embeddable":true,"href":"https:\/\/www.gymbrv.de\/index.php\/wp-json\/wp\/v2\/comments?post=2168"}],"version-history":[{"count":3,"href":"https:\/\/www.gymbrv.de\/index.php\/wp-json\/wp\/v2\/posts\/2168\/revisions"}],"predecessor-version":[{"id":2176,"href":"https:\/\/www.gymbrv.de\/index.php\/wp-json\/wp\/v2\/posts\/2168\/revisions\/2176"}],"wp:featuredmedia":[{"embeddable":true,"href":"https:\/\/www.gymbrv.de\/index.php\/wp-json\/wp\/v2\/media\/2175"}],"wp:attachment":[{"href":"https:\/\/www.gymbrv.de\/index.php\/wp-json\/wp\/v2\/media?parent=2168"}],"wp:term":[{"taxonomy":"category","embeddable":true,"href":"https:\/\/www.gymbrv.de\/index.php\/wp-json\/wp\/v2\/categories?post=2168"},{"taxonomy":"post_tag","embeddable":true,"href":"https:\/\/www.gymbrv.de\/index.php\/wp-json\/wp\/v2\/tags?post=2168"}],"curies":[{"name":"wp","href":"https:\/\/api.w.org\/{rel}","templated":true}]}}