{"id":2337,"date":"2022-06-14T08:36:57","date_gmt":"2022-06-14T06:36:57","guid":{"rendered":"https:\/\/www.gymbrv.de\/?p=2337"},"modified":"2022-06-15T06:10:31","modified_gmt":"2022-06-15T04:10:31","slug":"abiturjahrgaenge-1982-und-1992-feiern-jubilaeum","status":"publish","type":"post","link":"https:\/\/www.gymbrv.de\/index.php\/2022\/06\/14\/abiturjahrgaenge-1982-und-1992-feiern-jubilaeum\/","title":{"rendered":"Abiturjahrg\u00e4nge 1982 und 1992 feiern Jubil\u00e4um"},"content":{"rendered":"\n<p>Der <strong>Abiturjahrgang 1982<\/strong> des Gymnasiums Bremerv\u00f6rde feierte am Pfingstsamstag das 40-j\u00e4hrige Jubil\u00e4um.<\/p>\n\n\n\n<figure class=\"wp-block-image size-large\"><img loading=\"lazy\" decoding=\"async\" width=\"1024\" height=\"683\" src=\"https:\/\/www.gymbrv.de\/wp-content\/uploads\/2022\/06\/Abiturtreffen-Jahrgang-1982-1024x683.jpg\" alt=\"\" class=\"wp-image-2340\" srcset=\"https:\/\/www.gymbrv.de\/wp-content\/uploads\/2022\/06\/Abiturtreffen-Jahrgang-1982-1024x683.jpg 1024w, https:\/\/www.gymbrv.de\/wp-content\/uploads\/2022\/06\/Abiturtreffen-Jahrgang-1982-300x200.jpg 300w, https:\/\/www.gymbrv.de\/wp-content\/uploads\/2022\/06\/Abiturtreffen-Jahrgang-1982-768x512.jpg 768w, https:\/\/www.gymbrv.de\/wp-content\/uploads\/2022\/06\/Abiturtreffen-Jahrgang-1982-1536x1024.jpg 1536w, https:\/\/www.gymbrv.de\/wp-content\/uploads\/2022\/06\/Abiturtreffen-Jahrgang-1982-2048x1365.jpg 2048w, https:\/\/www.gymbrv.de\/wp-content\/uploads\/2022\/06\/Abiturtreffen-Jahrgang-1982-420x280.jpg 420w\" sizes=\"(max-width: 1024px) 100vw, 1024px\" \/><\/figure>\n\n\n\n<p>Und auch der <strong>Abiturjahrgang 1992<\/strong> des Gymnasiums Bremerv\u00f6rde feierte Ende Mai seinen 30-j\u00e4hrigen Abschluss und besichtigte noch einmal seine alte Schule. Gemeinsam sangen sie im A-Deck f\u00fcr ihren ehemaligen Lehrer Sieghard Rasch einige Shantys, die f\u00fcr ihn aufgezeichnet wurden. Mit einem Ratespiel \u00fcber damals typische Aussagen ihres Jahrgangs aus der Abizeitung lie\u00dfen sie im Klassenzimmer Ihre Schulzeit wiederaufleben, bevor sie sich gut gelaunt zum anschlie\u00dfenden Essen im Restaurant trafen.<\/p>\n\n\n\n<figure class=\"wp-block-image size-large\"><img loading=\"lazy\" decoding=\"async\" width=\"1024\" height=\"683\" src=\"https:\/\/www.gymbrv.de\/wp-content\/uploads\/2022\/06\/Abiturtreffen-Jahrgang-1992-1024x683.jpeg\" alt=\"\" class=\"wp-image-2338\" srcset=\"https:\/\/www.gymbrv.de\/wp-content\/uploads\/2022\/06\/Abiturtreffen-Jahrgang-1992-1024x683.jpeg 1024w, https:\/\/www.gymbrv.de\/wp-content\/uploads\/2022\/06\/Abiturtreffen-Jahrgang-1992-300x200.jpeg 300w, https:\/\/www.gymbrv.de\/wp-content\/uploads\/2022\/06\/Abiturtreffen-Jahrgang-1992-768x512.jpeg 768w, https:\/\/www.gymbrv.de\/wp-content\/uploads\/2022\/06\/Abiturtreffen-Jahrgang-1992-1536x1024.jpeg 1536w, https:\/\/www.gymbrv.de\/wp-content\/uploads\/2022\/06\/Abiturtreffen-Jahrgang-1992-420x280.jpeg 420w, https:\/\/www.gymbrv.de\/wp-content\/uploads\/2022\/06\/Abiturtreffen-Jahrgang-1992.jpeg 2048w\" sizes=\"(max-width: 1024px) 100vw, 1024px\" \/><\/figure>\n","protected":false},"excerpt":{"rendered":"<p>Die Abiturjahrg\u00e4nge 1982 und 1992 feiern Jubil\u00e4um!<\/p>\n","protected":false},"author":2,"featured_media":0,"comment_status":"closed","ping_status":"open","sticky":false,"template":"","format":"standard","meta":{"footnotes":""},"categories":[16],"tags":[],"_links":{"self":[{"href":"https:\/\/www.gymbrv.de\/index.php\/wp-json\/wp\/v2\/posts\/2337"}],"collection":[{"href":"https:\/\/www.gymbrv.de\/index.php\/wp-json\/wp\/v2\/posts"}],"about":[{"href":"https:\/\/www.gymbrv.de\/index.php\/wp-json\/wp\/v2\/types\/post"}],"author":[{"embeddable":true,"href":"https:\/\/www.gymbrv.de\/index.php\/wp-json\/wp\/v2\/users\/2"}],"replies":[{"embeddable":true,"href":"https:\/\/www.gymbrv.de\/index.php\/wp-json\/wp\/v2\/comments?post=2337"}],"version-history":[{"count":2,"href":"https:\/\/www.gymbrv.de\/index.php\/wp-json\/wp\/v2\/posts\/2337\/revisions"}],"predecessor-version":[{"id":2350,"href":"https:\/\/www.gymbrv.de\/index.php\/wp-json\/wp\/v2\/posts\/2337\/revisions\/2350"}],"wp:attachment":[{"href":"https:\/\/www.gymbrv.de\/index.php\/wp-json\/wp\/v2\/media?parent=2337"}],"wp:term":[{"taxonomy":"category","embeddable":true,"href":"https:\/\/www.gymbrv.de\/index.php\/wp-json\/wp\/v2\/categories?post=2337"},{"taxonomy":"post_tag","embeddable":true,"href":"https:\/\/www.gymbrv.de\/index.php\/wp-json\/wp\/v2\/tags?post=2337"}],"curies":[{"name":"wp","href":"https:\/\/api.w.org\/{rel}","templated":true}]}}