{"id":2342,"date":"2022-06-14T12:03:58","date_gmt":"2022-06-14T10:03:58","guid":{"rendered":"https:\/\/www.gymbrv.de\/?p=2342"},"modified":"2022-06-14T12:06:51","modified_gmt":"2022-06-14T10:06:51","slug":"olympiatraining-mit-startschwierigkeiten","status":"publish","type":"post","link":"https:\/\/www.gymbrv.de\/index.php\/2022\/06\/14\/olympiatraining-mit-startschwierigkeiten\/","title":{"rendered":"\u201eOlympiatraining mit Startschwierigkeiten\u201c"},"content":{"rendered":"\n<p>Nach einer dreij\u00e4hrigen Pause, die durch Corona bedingt war, fanden in den letzten Wochen erstmals wieder Wettk\u00e4mpfe im Rahmen des Schulsportwettbewerbs \u201eJugend trainiert f\u00fcr Olympia\u201c statt.<\/p>\n\n\n\n<p>Das Gymnasium Bremerv\u00f6rde war in der Sportart Leichtathletik mit einer Mannschaft in der Wettkampfklasse II &#8211; M\u00e4dchen (das sind die Jahrg\u00e4nge 2005-2008) beim\u00a0Bezirksentscheid in Stade am Start.<\/p>\n\n\n\n<div class=\"wp-block-image\"><figure class=\"aligncenter size-full\"><img loading=\"lazy\" decoding=\"async\" width=\"640\" height=\"480\" src=\"https:\/\/www.gymbrv.de\/wp-content\/uploads\/2022\/06\/Olympiade-2022.jpg\" alt=\"\" class=\"wp-image-2343\" srcset=\"https:\/\/www.gymbrv.de\/wp-content\/uploads\/2022\/06\/Olympiade-2022.jpg 640w, https:\/\/www.gymbrv.de\/wp-content\/uploads\/2022\/06\/Olympiade-2022-300x225.jpg 300w, https:\/\/www.gymbrv.de\/wp-content\/uploads\/2022\/06\/Olympiade-2022-100x75.jpg 100w\" sizes=\"(max-width: 640px) 100vw, 640px\" \/><\/figure><\/div>\n\n\n\n<p>Trotz vieler guter Einzelleistungen und pers\u00f6nlicher Bestleistungen musste sich das junge Bremerv\u00f6rder Team der Mannschaft vom Aue-Geest-Gymnasium aus Harsefeld geschlagen geben.<\/p>\n\n\n\n<p>Gerade in den Wurfdisziplinen zeigte sich, dass das Fehlen zweier Bremerv\u00f6rder Sch\u00fclerinnen nicht ausgeglichen werden konnte. So geriet unsere Mannschaft bereits nach der ersten Disziplin in R\u00fcckstand. Dieser konnte auch in den Folgedisziplinen nicht aufgeholt werden. Die Harsefelder Sch\u00fclerinnen werden im Juli als Siegerinnen des Bezirksentscheides zum Landesfinale nach Osnabr\u00fcck fahren.<\/p>\n\n\n\n<p>Trotz der Niederlage zeigten sich die Nachwuchsathletinnen ehrgeizig und schmiedeten bereits auf der R\u00fcckfahrt nach Bremerv\u00f6rde Pl\u00e4ne, um im kommenden Jahr erneut angreifen zu k\u00f6nnen.<\/p>\n\n\n\n<p>Urike Kahrs<\/p>\n","protected":false},"excerpt":{"rendered":"<p>Nach einer dreij\u00e4hrigen Pause fanden in den letzten Wochen erstmals wieder Wettk\u00e4mpfe im Rahmen des Schulsportwettbewerbs \u201eJugend trainiert f\u00fcr Olympia\u201c statt.<br \/>\nDas Gymnasium Bremerv\u00f6rde war in der Sportart Leichtathletik mit einer Mannschaft in der Wettkampfklasse II &#8211; M\u00e4dchen (Jahrg\u00e4nge 2005-2008) beim Bezirksentscheid in Stade am Start.<\/p>\n","protected":false},"author":2,"featured_media":2343,"comment_status":"closed","ping_status":"open","sticky":false,"template":"","format":"standard","meta":{"footnotes":""},"categories":[1,4],"tags":[],"_links":{"self":[{"href":"https:\/\/www.gymbrv.de\/index.php\/wp-json\/wp\/v2\/posts\/2342"}],"collection":[{"href":"https:\/\/www.gymbrv.de\/index.php\/wp-json\/wp\/v2\/posts"}],"about":[{"href":"https:\/\/www.gymbrv.de\/index.php\/wp-json\/wp\/v2\/types\/post"}],"author":[{"embeddable":true,"href":"https:\/\/www.gymbrv.de\/index.php\/wp-json\/wp\/v2\/users\/2"}],"replies":[{"embeddable":true,"href":"https:\/\/www.gymbrv.de\/index.php\/wp-json\/wp\/v2\/comments?post=2342"}],"version-history":[{"count":4,"href":"https:\/\/www.gymbrv.de\/index.php\/wp-json\/wp\/v2\/posts\/2342\/revisions"}],"predecessor-version":[{"id":2347,"href":"https:\/\/www.gymbrv.de\/index.php\/wp-json\/wp\/v2\/posts\/2342\/revisions\/2347"}],"wp:featuredmedia":[{"embeddable":true,"href":"https:\/\/www.gymbrv.de\/index.php\/wp-json\/wp\/v2\/media\/2343"}],"wp:attachment":[{"href":"https:\/\/www.gymbrv.de\/index.php\/wp-json\/wp\/v2\/media?parent=2342"}],"wp:term":[{"taxonomy":"category","embeddable":true,"href":"https:\/\/www.gymbrv.de\/index.php\/wp-json\/wp\/v2\/categories?post=2342"},{"taxonomy":"post_tag","embeddable":true,"href":"https:\/\/www.gymbrv.de\/index.php\/wp-json\/wp\/v2\/tags?post=2342"}],"curies":[{"name":"wp","href":"https:\/\/api.w.org\/{rel}","templated":true}]}}