{"id":266,"date":"2019-11-13T02:03:00","date_gmt":"2019-11-13T01:03:00","guid":{"rendered":"https:\/\/www.gymbrv.de\/?p=266"},"modified":"2021-02-21T13:45:07","modified_gmt":"2021-02-21T12:45:07","slug":"bremervoerder-zeitung-13-11-19-immerzu-stiess-man-an-grenzen","status":"publish","type":"post","link":"https:\/\/www.gymbrv.de\/index.php\/2019\/11\/13\/bremervoerder-zeitung-13-11-19-immerzu-stiess-man-an-grenzen\/","title":{"rendered":"\u201eImmerzu stie\u00df man an Grenzen\u201c"},"content":{"rendered":"\n<p>Bremerv\u00f6rder Zeitung 13.11.19<\/p>\n\n\n\n<div class=\"wp-block-file\"><a href=\"https:\/\/www.gymbrv.de\/wp-content\/uploads\/2020\/03\/19111302.pdf\" class=\"wp-block-file__button\" download>Herunterladen<\/a><\/div>\n\n\n<a href=\"https:\/\/www.gymbrv.de\/wp-content\/uploads\/2020\/03\/19111302.pdf\" class=\"pdfemb-viewer\" style=\"\" data-width=\"max\" data-height=\"max\"  data-toolbar=\"bottom\" data-toolbar-fixed=\"off\">19111302<br\/><\/a>\n<p class=\"wp-block-pdfemb-pdf-embedder-viewer\"><\/p>\n","protected":false},"excerpt":{"rendered":"<p>Bremerv\u00f6rder Zeitung 13.11.19 &#8211; Es sei ein \u201eganz, ganz wichtiges Kapitel der j\u00fcngeren deutschen Geschichte\u201c, sagt Dr. Renatus Deckert \u00fcber den Mauerfall. Der geb\u00fcrtige Dresdener und Herausgeber des Buches \u201eDie Nacht in der die Mauer fiel\u201c referierte am Montag am Bremerv\u00f6rder Gymnasium vor Sch\u00fclerinnen und Sch\u00fclern der Klassen stufen sechs bis neun anl\u00e4sslich des 30-j\u00e4hrigen Jubil\u00e4ums der Grenz\u00f6ffnung zwischen DDR und BRD.<\/p>\n","protected":false},"author":1,"featured_media":0,"comment_status":"closed","ping_status":"open","sticky":false,"template":"","format":"standard","meta":{"footnotes":""},"categories":[1,5],"tags":[],"_links":{"self":[{"href":"https:\/\/www.gymbrv.de\/index.php\/wp-json\/wp\/v2\/posts\/266"}],"collection":[{"href":"https:\/\/www.gymbrv.de\/index.php\/wp-json\/wp\/v2\/posts"}],"about":[{"href":"https:\/\/www.gymbrv.de\/index.php\/wp-json\/wp\/v2\/types\/post"}],"author":[{"embeddable":true,"href":"https:\/\/www.gymbrv.de\/index.php\/wp-json\/wp\/v2\/users\/1"}],"replies":[{"embeddable":true,"href":"https:\/\/www.gymbrv.de\/index.php\/wp-json\/wp\/v2\/comments?post=266"}],"version-history":[{"count":2,"href":"https:\/\/www.gymbrv.de\/index.php\/wp-json\/wp\/v2\/posts\/266\/revisions"}],"predecessor-version":[{"id":303,"href":"https:\/\/www.gymbrv.de\/index.php\/wp-json\/wp\/v2\/posts\/266\/revisions\/303"}],"wp:attachment":[{"href":"https:\/\/www.gymbrv.de\/index.php\/wp-json\/wp\/v2\/media?parent=266"}],"wp:term":[{"taxonomy":"category","embeddable":true,"href":"https:\/\/www.gymbrv.de\/index.php\/wp-json\/wp\/v2\/categories?post=266"},{"taxonomy":"post_tag","embeddable":true,"href":"https:\/\/www.gymbrv.de\/index.php\/wp-json\/wp\/v2\/tags?post=266"}],"curies":[{"name":"wp","href":"https:\/\/api.w.org\/{rel}","templated":true}]}}