{"id":3195,"date":"2022-12-24T13:49:03","date_gmt":"2022-12-24T12:49:03","guid":{"rendered":"https:\/\/www.gymbrv.de\/?p=3195"},"modified":"2022-12-24T13:49:03","modified_gmt":"2022-12-24T12:49:03","slug":"mitteilungen-aus-der-schule","status":"publish","type":"post","link":"https:\/\/www.gymbrv.de\/index.php\/2022\/12\/24\/mitteilungen-aus-der-schule\/","title":{"rendered":"Mitteilungen aus der Schule"},"content":{"rendered":"\n<div class=\"wp-block-file\"><a href=\"https:\/\/www.gymbrv.de\/wp-content\/uploads\/2022\/12\/Schulmitteilungen-2022-23-12.pdf\" class=\"wp-block-file__button wp-element-button\" download>PDF herunterladen<\/a><\/div>\n\n\n\n<p>Liebe Erziehungsberechtigte,<br>liebe Sch\u00fclerinnen und Sch\u00fcler,<br>liebe Kolleginnen und Kollegen,<\/p>\n\n\n\n<p>vor den Herbstferien galt es f\u00fcr die Sch\u00fcler*Innen und Kollegen*Innen endg\u00fcltig vom alten, gelben Gymnasium Abschied zu nehmen, bevor es in die Herbstferien ging.<\/p>\n\n\n<div class=\"wp-block-image\">\n<figure class=\"alignleft size-full\"><img loading=\"lazy\" decoding=\"async\" width=\"400\" height=\"300\" src=\"https:\/\/www.gymbrv.de\/wp-content\/uploads\/2022\/12\/a003.jpg\" alt=\"\" class=\"wp-image-3197\" srcset=\"https:\/\/www.gymbrv.de\/wp-content\/uploads\/2022\/12\/a003.jpg 400w, https:\/\/www.gymbrv.de\/wp-content\/uploads\/2022\/12\/a003-300x225.jpg 300w, https:\/\/www.gymbrv.de\/wp-content\/uploads\/2022\/12\/a003-100x75.jpg 100w\" sizes=\"(max-width: 400px) 100vw, 400px\" \/><figcaption class=\"wp-element-caption\">Drohnenaufnahme (14.10.2022)<\/figcaption><\/figure><\/div>\n\n\n<p>W\u00e4hrend der Herbstferien erfolgte der Umzug, eine logistische Meisterleistung des ortsans\u00e4ssigen Unternehmens. E. MEYER. Die Sammlungen und die Unterrichtsr\u00e4ume startklar zu bekommen und um sich mit den neuen Schulgeb\u00e4ude vertraut zu machen, hatte zur Folge, dass der Unterricht erst zwei Tage sp\u00e4ter am Donnerstag, 03.11.2023 beginnen konnte.<\/p>\n\n\n<div class=\"wp-block-image\">\n<figure class=\"alignright size-full\"><img loading=\"lazy\" decoding=\"async\" width=\"400\" height=\"300\" src=\"https:\/\/www.gymbrv.de\/wp-content\/uploads\/2022\/12\/a004.jpg\" alt=\"\" class=\"wp-image-3200\" srcset=\"https:\/\/www.gymbrv.de\/wp-content\/uploads\/2022\/12\/a004.jpg 400w, https:\/\/www.gymbrv.de\/wp-content\/uploads\/2022\/12\/a004-300x225.jpg 300w, https:\/\/www.gymbrv.de\/wp-content\/uploads\/2022\/12\/a004-100x75.jpg 100w\" sizes=\"(max-width: 400px) 100vw, 400px\" \/><figcaption class=\"wp-element-caption\">Neubau vom Kanal aus betrachtet (03.11.2022)<\/figcaption><\/figure><\/div>\n\n\n<p>Am Mittwoch, 16.11.2022 erfolgte in der Campus-Mensa die offizielle \u00dcbergabe des Schulneubaus mit der symbolischen Schl\u00fcssel\u00fcbergabe an die Schulleitung.<\/p>\n\n\n<div class=\"wp-block-image\">\n<figure class=\"alignleft size-full\"><img loading=\"lazy\" decoding=\"async\" width=\"400\" height=\"300\" src=\"https:\/\/www.gymbrv.de\/wp-content\/uploads\/2022\/12\/a005.jpg\" alt=\"\" class=\"wp-image-3201\" srcset=\"https:\/\/www.gymbrv.de\/wp-content\/uploads\/2022\/12\/a005.jpg 400w, https:\/\/www.gymbrv.de\/wp-content\/uploads\/2022\/12\/a005-300x225.jpg 300w, https:\/\/www.gymbrv.de\/wp-content\/uploads\/2022\/12\/a005-100x75.jpg 100w\" sizes=\"(max-width: 400px) 100vw, 400px\" \/><figcaption class=\"wp-element-caption\">Schl\u00fcssel\u00fcbergabe (16.11.2022)<\/figcaption><\/figure><\/div>\n\n\n<p>Das \u201eHighlight\u201c dieser Veranstaltung stellte aus Sicht des Schulleiters das Anschneiden der Torte, liebevoll zubereitet von Frau L\u00dcDEMANN , in Form des neuen Schulgeb\u00e4udes dar, die in nicht nur in originaltreue, sondern auch im Geschmack absolut \u00fcberzeugte.<\/p>\n\n\n\n\n<div class=\"wp-block-image\">\n<figure class=\"alignright size-full\"><img loading=\"lazy\" decoding=\"async\" width=\"400\" height=\"300\" src=\"https:\/\/www.gymbrv.de\/wp-content\/uploads\/2022\/12\/a006.jpg\" alt=\"\" class=\"wp-image-3203\" srcset=\"https:\/\/www.gymbrv.de\/wp-content\/uploads\/2022\/12\/a006.jpg 400w, https:\/\/www.gymbrv.de\/wp-content\/uploads\/2022\/12\/a006-300x225.jpg 300w, https:\/\/www.gymbrv.de\/wp-content\/uploads\/2022\/12\/a006-100x75.jpg 100w\" sizes=\"(max-width: 400px) 100vw, 400px\" \/><figcaption class=\"wp-element-caption\">Anschneiden der Torte (16.11.2022)<\/figcaption><\/figure><\/div>\n\n\n<p>Der Unterricht im neuen Schulgeb\u00e4ude wird nach anf\u00e4nglichen Startschwierigkeiten inzwischen sowohl von den Lehrkr\u00e4ften als auch von den Sch\u00fcler*Innen sehr gesch\u00e4tzt. Die modernen Tafelsysteme erlauben einen deutlichen interessanteren und medial modernen Unterricht und die hellen, neuen R\u00e4ume, insbesondere die naturwissenschaftlichen Fachr\u00e4ume begeistern alle. Noch sind nicht alle Arbeiten beendet, aber das wundert keinen, der selbst schon einmal einen Hausbau verfolgt hat. Im Bereich der Aufenthaltsbereiche f\u00fcr die Sch\u00fcler*Innen werden wir noch nachbessern.<\/p>\n\n\n<div class=\"wp-block-image\">\n<figure class=\"alignleft size-full\"><img loading=\"lazy\" decoding=\"async\" width=\"458\" height=\"300\" src=\"https:\/\/www.gymbrv.de\/wp-content\/uploads\/2022\/12\/a007.jpg\" alt=\"\" class=\"wp-image-3204\" srcset=\"https:\/\/www.gymbrv.de\/wp-content\/uploads\/2022\/12\/a007.jpg 458w, https:\/\/www.gymbrv.de\/wp-content\/uploads\/2022\/12\/a007-300x197.jpg 300w\" sizes=\"(max-width: 458px) 100vw, 458px\" \/><figcaption class=\"wp-element-caption\">Stand des R\u00fcckbaus (17.12.2022)<\/figcaption><\/figure><\/div>\n\n\n<p>Beim Blick auf das alte Schulgeb\u00e4ude ist seit heute nur noch Bauschutt zu sehen. Der R\u00fcckbau erfolgte erstaunlich schnell, nun ist das alte \u201egelbe Gymnasium\u201c wahrhaftig Geschichte. Der Geb\u00e4udebereich der BBS wird noch etwa anderthalb Jahre bestehen, sobald der Neubau des BBS-Geb\u00e4udeanteil fertiggestellt sein wird, wird auch er \u201everschwinden\u201c.<\/p>\n\n\n\n<p><strong>Nutzung der Campus-Mensa<\/strong><\/p>\n\n\n\n<p>Seit Ende November hat der Mensabetrieb begonnen, anfangs mit dem Kiosk, inzwischen auch mit der Mittagsessensausgabe. Bedingt durch Unklarheiten der Nutzungsordnung zwischen der Stadt und dem Landkreis durften wir erst den Kiosk mitbenutzen, dann jedoch nicht mehr. Eine aus meiner Sicht \u00e4rgerliche Situation, denn der BBS-Kiosk kann den Andrang der Sch\u00fcler*Innen beider Schulen zeitlich nicht angemessen bearbeiten. Doch ein \u201eWeihnachtsgeschenk\u201c hat mich heute erreicht: Im Neuen Jahr d\u00fcrfen unsere Sch\u00fcler*Innen den Kiosk der Campus-Mensa nutzen. Wir begr\u00fc\u00dfen ausdr\u00fccklich diese Entscheidung der Stadt Bremerv\u00f6rde und des Landkreises Rotenburg.<\/p>\n\n\n\n<p>Um die Nutzung der Mensa in Bezug auf die Einnahme des Mittagsessens verl\u00e4sslicher planen zu k\u00f6nnen, m\u00f6chte ich alle interessierten Sch\u00fcler*Innen bzw. Erziehungsberechtigten an der Online-Umfrage auf unserer IServ-Schulplattform teilnehmen.<\/p>\n\n\n\n<p>Wir werden uns im kommenden Jahr in den schulischen Gremien intensiv mit der Frage befassen, wie Mittagspausen in unsere t\u00e4gliche Stundentafel integriert werden k\u00f6nnen bzw. sollen. Ich bin sehr gespannt, welche L\u00f6sungen wir entwickeln werden.<\/p>\n\n\n\n<p><strong>Neue Medien \u2013 Einf\u00fchrung von IPads in den aktuellen Jahrg\u00e4ngen 6 &amp; 7<\/strong><\/p>\n\n\n\n<p>Entsprechend des bereits erw\u00e4hnten Erlasses werden wir im kommenden Schuljahr in den JG 7 und 8 IPads einf\u00fchren. Die organisatorischen Planungen laufen dazu bereits, insbesondere die Beschaffung der IPads \u00fcber Sammelbestellungen. Diese werden wir f\u00fcr alle Interessierten anbieten. Auch hinsichtlich der Software und der Nutzungsbedingungen in der Schule sind die \u00dcberlegungen nahezu abgeschlossen. Herr BASSEN hat am 13.12.2022 die Mitglieder*Innen des Schulvorstands dazu bereits informiert. Wir werden f\u00fcr die Erziehungsberechtigten dieser Jahrg\u00e4nge zeitnah Anfang bis Mitte Februar einen Informationsabend durchf\u00fchren.<\/p>\n\n\n\n<p><strong>Jahrbuch 2021\/22<\/strong><\/p>\n\n\n\n<p>Das Jahrbuchteam um Frau FR\u00dcCHTENICHT hat die zweite Ausgabe fertiggestellt, die heute druckfrisch der Schule geliefert wurde. Zuerst m\u00f6chte ich meinen gro\u00dfen Dank den motivierten Sch\u00fcler*Innen und der engagierten Leiterin, Frau FR\u00dcCHTENICHT aussprechen, erneut eine hochinteressante Zusammenstellung aller Ereignisse des vergangenen Schuljahres erstellt zu haben. Wenn Sie \/ ihr ein Exemplar erstehen wollt, wenden Sie sich \/ wendet euch bitte an Frau FR\u00dcCHTENICHT oder mich, es lohnt sich wirklich!<\/p>\n\n\n\n<p><strong>Weihnachtskonzert<\/strong><\/p>\n\n\n<div class=\"wp-block-image\">\n<figure class=\"alignright size-full\"><img loading=\"lazy\" decoding=\"async\" width=\"400\" height=\"300\" src=\"https:\/\/www.gymbrv.de\/wp-content\/uploads\/2022\/12\/a008.jpg\" alt=\"\" class=\"wp-image-3205\" srcset=\"https:\/\/www.gymbrv.de\/wp-content\/uploads\/2022\/12\/a008.jpg 400w, https:\/\/www.gymbrv.de\/wp-content\/uploads\/2022\/12\/a008-300x225.jpg 300w, https:\/\/www.gymbrv.de\/wp-content\/uploads\/2022\/12\/a008-100x75.jpg 100w\" sizes=\"(max-width: 400px) 100vw, 400px\" \/><figcaption class=\"wp-element-caption\">Klasse 10b bei der Verk\u00f6stigung der Sch\u00fcler*Innen am 22.12.2022 (vielen Dank auch Frau ITZEN f\u00fcr die Bereitstellungen der Getr\u00e4nke und Speisen)<\/figcaption><\/figure><\/div>\n\n\n<p>In diesem Jahr konnten wir leider nicht unser traditionelles Weihnachtskonzert durchf\u00fchren, weil die Musikunterrichtsr\u00e4ume im ehemaligen T-Deck noch nicht nutzbar waren und die Sch\u00fcler*Innen nur eingeschr\u00e4nkt \u00fcben konnten. Seit dieser Woche k\u00f6nnen diese R\u00e4umlichkeiten endlich auch genutzt werden. Die Fachschaft Musik plant anstelle des Weihnachtskonzerts ein Winterkonzert im Februar in der Campus-Mensa.<\/p>\n\n\n\n<p><strong>Personalia<\/strong><\/p>\n\n\n\n<p>Unsere bisherige Referendarin Frau HELLMI\u00df (F\u00e4cherkombination Deutsch &amp; Religion) hat das 2. Staatsexamen mit Erfolg abgeschlossen und wird zum 26.02.2023 eingestellt. Damit konnten wir wenigstens eine der beiden Stellen besetzen. F\u00fcr die Stellenausschreibung \u201eKunst \/ beliebig\u201c gab es leider wieder keine Bewerber*Innen. Das hat zur Folge, dass wir im zweiten Halbjahr Kunst nicht entsprechend der Stundentafel unterrichten werden k\u00f6nnen.<\/p>\n\n\n\n<p>Der Vertretungsvertrag mit Herrn POSTEL konnte bis Juli 2023 verl\u00e4ngert werden.<\/p>\n\n\n\n<p>Ein weiterer Vertretungsvertrag konnte mit Herrn STELKE (F\u00e4cherkombination Englisch &amp; Sport) bis Juli 2023 abgeschlossen werden.<\/p>\n\n\n\n<p>Frau P\u00dcNJER, Herr SCH\u00c4FER und Frau SCHMANDT bleiben voraussichtlich bis Juli 2023 in Abordnung am Aue-Geeste-Gymnasium in Harsefeld.<\/p>\n\n\n\n<p>Frau FISCHER und Herr PL\u00d6TZ werden zum 01.02.2023 in ihre verdiente Pension gehen (Entlassungsfeier am Freitag, 27.01.2023).<\/p>\n\n\n\n<p>Frau DENOUH und Frau ZOGALLA werden uns leider weiterhin erkrankt fehlen.<br>Frau DAHM, Frau KREYKENBOHM und Frau LAUFER sind im 2. Halbjahr noch im Mutterschutz oder in Elternzeit.<\/p>\n\n\n\n<p>Leider ist es nicht gelungen, den Vertrag von Frau STABEL mit dem Landkreis ROW zu verl\u00e4ngern, sie wird uns ab Januar 2023 nicht mehr im Sekretariat unterst\u00fctzen.<\/p>\n\n\n\n<p><strong>Termine<\/strong><\/p>\n\n\n\n<ul>\n<li>Montag, 09.01.2023 Unterrichtsbeginn<\/li>\n\n\n\n<li>Mittwoch, 11.01.2023 Informationsabend f\u00fcr die Sekundarstufen I und II<\/li>\n\n\n\n<li>Freitag, 13.01.2023 Noteneintragungen JG 5 \u2013 13<\/li>\n\n\n\n<li>Freitag, 20.01.2023 DKMS-Aktion zur Feststellung m\u00f6glicher Knochenmarksspender*Innen JG 12 &amp; 13 (Herr STEINFELD)<\/li>\n\n\n\n<li>Montag, 23.01.2023 Schulvorstandssitzung<\/li>\n\n\n\n<li>Freitag, 27.01.2023 letzter Schultag 1. Halbjahr, Zeugnisausgabe, Unterrichtsende nach der 4. Stunde, Halbjahrespause<\/li>\n\n\n\n<li>Mittwoch, 01.02.2023 Unterrichtsbeginn 2. Halbjahr<\/li>\n\n\n\n<li>Montag, 06.02 \u2013 Freitag, 24.02.2023 Betriebspraktikum JG 11<\/li>\n\n\n\n<li>Sonntag, 05.02. bis Donnerstag, 23.03.2023 Frankreichaustausch<\/li>\n\n\n\n<li>Montag, 23.03.2023 Vortrag f\u00fcr Sch\u00fclerInnen \u201eAb ins Berufsleben\u201c<\/li>\n<\/ul>\n\n\n<div class=\"wp-block-image\">\n<figure class=\"alignright size-full\"><img loading=\"lazy\" decoding=\"async\" width=\"239\" height=\"300\" src=\"https:\/\/www.gymbrv.de\/wp-content\/uploads\/2022\/12\/a009.jpg\" alt=\"\" class=\"wp-image-3206\"\/><\/figure><\/div>\n\n\n<p>Die weiteren Termine entnehmen Sie \/ entnehmt bitte dem Kalendermodul in IServ oder der Homepage.<\/p>\n\n\n\n<p>Ich w\u00fcnschen Ihnen \/ euch allen friedfertige und erholsame Weihnachten und einen guten Start ins Neue Jahr 2023, mit freundlichen Gr\u00fc\u00dfen<br>OStD Dr. Uwe Strohbach<\/p>\n","protected":false},"excerpt":{"rendered":"<p>Vor den Herbstferien galt es f\u00fcr die Sch\u00fcler*Innen und Kollegen*Innen endg\u00fcltig vom alten, gelben Gymnasium Abschied zu nehmen, bevor es in die Herbstferien ging.<\/p>\n","protected":false},"author":1,"featured_media":3208,"comment_status":"closed","ping_status":"open","sticky":false,"template":"","format":"standard","meta":{"footnotes":""},"categories":[1,6],"tags":[],"_links":{"self":[{"href":"https:\/\/www.gymbrv.de\/index.php\/wp-json\/wp\/v2\/posts\/3195"}],"collection":[{"href":"https:\/\/www.gymbrv.de\/index.php\/wp-json\/wp\/v2\/posts"}],"about":[{"href":"https:\/\/www.gymbrv.de\/index.php\/wp-json\/wp\/v2\/types\/post"}],"author":[{"embeddable":true,"href":"https:\/\/www.gymbrv.de\/index.php\/wp-json\/wp\/v2\/users\/1"}],"replies":[{"embeddable":true,"href":"https:\/\/www.gymbrv.de\/index.php\/wp-json\/wp\/v2\/comments?post=3195"}],"version-history":[{"count":5,"href":"https:\/\/www.gymbrv.de\/index.php\/wp-json\/wp\/v2\/posts\/3195\/revisions"}],"predecessor-version":[{"id":3209,"href":"https:\/\/www.gymbrv.de\/index.php\/wp-json\/wp\/v2\/posts\/3195\/revisions\/3209"}],"wp:featuredmedia":[{"embeddable":true,"href":"https:\/\/www.gymbrv.de\/index.php\/wp-json\/wp\/v2\/media\/3208"}],"wp:attachment":[{"href":"https:\/\/www.gymbrv.de\/index.php\/wp-json\/wp\/v2\/media?parent=3195"}],"wp:term":[{"taxonomy":"category","embeddable":true,"href":"https:\/\/www.gymbrv.de\/index.php\/wp-json\/wp\/v2\/categories?post=3195"},{"taxonomy":"post_tag","embeddable":true,"href":"https:\/\/www.gymbrv.de\/index.php\/wp-json\/wp\/v2\/tags?post=3195"}],"curies":[{"name":"wp","href":"https:\/\/api.w.org\/{rel}","templated":true}]}}