{"id":340,"date":"2020-03-14T11:07:36","date_gmt":"2020-03-14T10:07:36","guid":{"rendered":"https:\/\/www.gymbrv.de\/?p=340"},"modified":"2021-02-21T13:44:51","modified_gmt":"2021-02-21T12:44:51","slug":"klassenstufe-5-8-hinweise-an-eltern-und-erziehungsberechtigte","status":"publish","type":"post","link":"https:\/\/www.gymbrv.de\/index.php\/2020\/03\/14\/klassenstufe-5-8-hinweise-an-eltern-und-erziehungsberechtigte\/","title":{"rendered":"Klassenstufe 5-8 &#8211; Hinweise an Eltern und Erziehungsberechtigte"},"content":{"rendered":"\n<p>Liebe Eltern und Erziehungsberechtigte der Sch\u00fcler der Klassenstufen 5 bis 8, <\/p>\n\n\n\n<p>auf Basis der Entscheidung des Kultusministeriums des Landes Niedersachen, den Unterricht an allen Schulen ab Montag, 16.03. bis Freitag, 18.04. auszusetzen, sind die Schulen verpflichtet, eine Notfallbetreuung von Sch\u00fclern vorzuhalten.<\/p>\n\n\n\n<p>Laut Weisung handelt es sich dabei um Sch\u00fcler der Klassen 5 bis 8, deren Erziehungsberechtigte in so genannten kritischen Bereichen berufst\u00e4tig sind. Es handelt sich dabei um folgende Berufsgruppen:<\/p>\n\n\n\n<ul><li>Besch\u00e4ftigte im Gesundheitsbereich, medizinischen und pflegerischen Bereichen<\/li><li>Besch\u00e4ftigte zur Aufrechterhaltung der Staats- und Regierungsfunktionen<\/li><li>Besch\u00e4ftigte im Bereich der Polizei, Rettungsdienst, Katastrophenschutz und Feuerwehr<\/li><li>Besch\u00e4ftigte im Vollzugsbereich (einschlie\u00dflich Justiz- und Ma\u00dfregelvollzug)<\/li><\/ul>\n\n\n\n<p>Sollten Sie als Erziehungsberechtige dieser Berufsgruppen Bedarf an Betreuung f\u00fcr ihre Kinder haben, die am Gymnasium Bremerv\u00f6rde in den Klassenstufen 5 bis 8 den Unterricht besuchen, so teilen Sie mir diesen bitte per Mail an die Adresse <a href=\"mailto:sb@gymbrv.eu\">sb@gymbrv.eu<\/a> mit.<\/p>\n\n\n\n<p>Das Gymnasium Bremerv\u00f6rde wird dann bedarfsentsprechend ab Montag, 16.03. von 08:00 Uhr bis 13:00 Uhr eine Notfallbetreuung f\u00fcr die kommenden zwei Wochen organisieren.<\/p>\n\n\n\n<p>Diese Information wird auch per Mail an alle Sch\u00fcler der Klassen 5 &#8211; 8 versendet und kann \u00fcber IServ eingesehen werden.<\/p>\n\n\n\n<p>Mit freundlichen Gr\u00fc\u00dfen<\/p>\n\n\n\n<p>StD Dr. U. Strohbach, kommissarischer Schulleiter<\/p>\n","protected":false},"excerpt":{"rendered":"<p>Liebe Eltern und Erziehungsberechtigte der Sch\u00fcler der Klassenstufen 5 bis 8, auf Basis der Entscheidung des Kultusministeriums des Landes Niedersachen, den Unterricht an allen Schulen<\/p>\n","protected":false},"author":1,"featured_media":0,"comment_status":"closed","ping_status":"open","sticky":false,"template":"","format":"standard","meta":{"footnotes":""},"categories":[1,6],"tags":[],"_links":{"self":[{"href":"https:\/\/www.gymbrv.de\/index.php\/wp-json\/wp\/v2\/posts\/340"}],"collection":[{"href":"https:\/\/www.gymbrv.de\/index.php\/wp-json\/wp\/v2\/posts"}],"about":[{"href":"https:\/\/www.gymbrv.de\/index.php\/wp-json\/wp\/v2\/types\/post"}],"author":[{"embeddable":true,"href":"https:\/\/www.gymbrv.de\/index.php\/wp-json\/wp\/v2\/users\/1"}],"replies":[{"embeddable":true,"href":"https:\/\/www.gymbrv.de\/index.php\/wp-json\/wp\/v2\/comments?post=340"}],"version-history":[{"count":4,"href":"https:\/\/www.gymbrv.de\/index.php\/wp-json\/wp\/v2\/posts\/340\/revisions"}],"predecessor-version":[{"id":344,"href":"https:\/\/www.gymbrv.de\/index.php\/wp-json\/wp\/v2\/posts\/340\/revisions\/344"}],"wp:attachment":[{"href":"https:\/\/www.gymbrv.de\/index.php\/wp-json\/wp\/v2\/media?parent=340"}],"wp:term":[{"taxonomy":"category","embeddable":true,"href":"https:\/\/www.gymbrv.de\/index.php\/wp-json\/wp\/v2\/categories?post=340"},{"taxonomy":"post_tag","embeddable":true,"href":"https:\/\/www.gymbrv.de\/index.php\/wp-json\/wp\/v2\/tags?post=340"}],"curies":[{"name":"wp","href":"https:\/\/api.w.org\/{rel}","templated":true}]}}