{"id":3427,"date":"2023-02-15T17:00:39","date_gmt":"2023-02-15T16:00:39","guid":{"rendered":"https:\/\/www.gymbrv.de\/?p=3427"},"modified":"2023-02-15T18:17:28","modified_gmt":"2023-02-15T17:17:28","slug":"winterkonzert-des-gymnasiums-bremervoerde","status":"publish","type":"post","link":"https:\/\/www.gymbrv.de\/index.php\/2023\/02\/15\/winterkonzert-des-gymnasiums-bremervoerde\/","title":{"rendered":"Winterkonzert des Gymnasiums Bremerv\u00f6rde"},"content":{"rendered":"\n<p>Der Fachbereich Musik des Gymnasiums Bremerv\u00f6rde l\u00e4dt am Freitag, 17.02.2023, zum Winterkonzert ein! <\/p>\n\n\n\n<p>Es singen und spielen der Sch\u00fcler-Lehrer-Chor, die Bl\u00e4serklassen 6 und 7, das Jugendorchester sowie weitere kleine Gesangs- und Instrumentalensembles und Solisten. Dar\u00fcber hinaus pr\u00e4sentiert die Klasse 5b einen Tanz!<\/p>\n\n\n\n<p>Das Konzert beginnt um 19 Uhr und findet in der Mensa auf dem Schulcampus statt. Der Eintritt ist wie immer frei. Wem es gefallen hat, kann hinterher die Arbeit der engagierten jungen Musikerinnen und Musiker mit einer Spende unterst\u00fctzen.<\/p>\n","protected":false},"excerpt":{"rendered":"<p>Der Fachbereich Musik des Gymnasiums Bremerv\u00f6rde l\u00e4dt am Freitag, 17.02.2023, zum Winterkonzert ein!<\/p>\n","protected":false},"author":2,"featured_media":3447,"comment_status":"closed","ping_status":"open","sticky":false,"template":"","format":"standard","meta":{"footnotes":""},"categories":[1],"tags":[],"_links":{"self":[{"href":"https:\/\/www.gymbrv.de\/index.php\/wp-json\/wp\/v2\/posts\/3427"}],"collection":[{"href":"https:\/\/www.gymbrv.de\/index.php\/wp-json\/wp\/v2\/posts"}],"about":[{"href":"https:\/\/www.gymbrv.de\/index.php\/wp-json\/wp\/v2\/types\/post"}],"author":[{"embeddable":true,"href":"https:\/\/www.gymbrv.de\/index.php\/wp-json\/wp\/v2\/users\/2"}],"replies":[{"embeddable":true,"href":"https:\/\/www.gymbrv.de\/index.php\/wp-json\/wp\/v2\/comments?post=3427"}],"version-history":[{"count":1,"href":"https:\/\/www.gymbrv.de\/index.php\/wp-json\/wp\/v2\/posts\/3427\/revisions"}],"predecessor-version":[{"id":3428,"href":"https:\/\/www.gymbrv.de\/index.php\/wp-json\/wp\/v2\/posts\/3427\/revisions\/3428"}],"wp:featuredmedia":[{"embeddable":true,"href":"https:\/\/www.gymbrv.de\/index.php\/wp-json\/wp\/v2\/media\/3447"}],"wp:attachment":[{"href":"https:\/\/www.gymbrv.de\/index.php\/wp-json\/wp\/v2\/media?parent=3427"}],"wp:term":[{"taxonomy":"category","embeddable":true,"href":"https:\/\/www.gymbrv.de\/index.php\/wp-json\/wp\/v2\/categories?post=3427"},{"taxonomy":"post_tag","embeddable":true,"href":"https:\/\/www.gymbrv.de\/index.php\/wp-json\/wp\/v2\/tags?post=3427"}],"curies":[{"name":"wp","href":"https:\/\/api.w.org\/{rel}","templated":true}]}}