{"id":348,"date":"2020-03-18T22:13:00","date_gmt":"2020-03-18T21:13:00","guid":{"rendered":"https:\/\/www.gymbrv.de\/?p=348"},"modified":"2021-02-21T13:44:51","modified_gmt":"2021-02-21T12:44:51","slug":"unterrichtskontinuitaet","status":"publish","type":"post","link":"https:\/\/www.gymbrv.de\/index.php\/2020\/03\/18\/unterrichtskontinuitaet\/","title":{"rendered":"Unterrichtskontinuit\u00e4t"},"content":{"rendered":"\n<p>Liebe Sch\u00fclerinnen und Sch\u00fcler,<br>liebe Eltern und Erziehungsberechtigte,<\/p>\n\n\n\n<p>nachdem\nmich einige besorgte Anrufe von Eltern und Erziehungsberechtigten\nerreicht haben, bei denen es sich um die Thematik der\nUnterrichtskontinuit\u00e4t drehte, im Wesentlichen also um Aufgaben oder\nMaterial f\u00fcr die Sch\u00fclerinnen und Sch\u00fcler f\u00fcr zu Hause w\u00e4hrend\nder unterrichtsfreien Phase, m\u00f6chte ich euch \/ Sie \u00fcber die\nVerfahrensweise am Gymnasium Bremerv\u00f6rde kurz informieren.<\/p>\n\n\n\n<p>Am\nFreitag Vormittag mussten wir davon ausgehen, dass von den Beh\u00f6rden\nerwartet wird, dass der Unterricht auf digitalen Wege (z.B. durch\nBereitstellen von Unterrichtsmaterial aus IServ und einer sp\u00e4ter\nfolgenden Auswertung im Unterricht) m\u00f6glichst weitergef\u00fchrt werden\nsollte. Im Verlauf des Tages gab das Kultusministerium dann aber\nbekannt, dass diese Vorgehensweise nicht vorgesehen ist. Dennoch hat\nes die erweiterte Schulleitung und das Kollegium als sinnvoll\nbetrachtet, dass wir den Sch\u00fclerinnen und Sch\u00fclern zumindest\nAufgaben oder Material zur Verf\u00fcgung stellen, um zu \u00fcben, zu\nwiederholen oder Unterrichtsinhalte zu bearbeiten, die meist nicht im\nnormalen Unterricht erfasst werden k\u00f6nnen. Die Kolleginnen und\nKollegen nutzen dazu entweder den direkten Weg per Mail\n(Klassengruppen sind in IServ auch als Mailingliste erfasst) oder sie\nstellen die Aufgaben in die Klassengruppe auf IServ, so dass sich die\nSch\u00fclerinnen und Sch\u00fcler die Materialien eigenst\u00e4ndig\nherunterladen k\u00f6nnen. Ich weise in diesem Rahmen aber darauf hin,\ndass die Bearbeitung der Materialien nicht bewertet werden d\u00fcrfen\n(siehe Runderlass des MKs).<\/p>\n\n\n\n<p>Solltet\nihr \/ sollten Sie noch keine Aufgaben oder Materialien gefunden\nhaben, so besteht die M\u00f6glichkeit, die entsprechenden Lehrerinnen\noder Lehrer per Mail \u00fcber IServ zu kontaktieren und nachzufragen.<\/p>\n\n\n\n<p>Ich\nhoffe, dass nunmehr alle Unklarheiten beseitigt sind und w\u00fcnsche uns\nallen beste Gesundheit und dass wir alle diese au\u00dfergew\u00f6hnliche\nSituation erfolgreich meistern!<\/p>\n\n\n\n<p>Mit\nden besten W\u00fcnschen dazu<\/p>\n\n\n\n<p>StD,\nDr. Uwe Strohbach, komm. Schulleiter<\/p>\n","protected":false},"excerpt":{"rendered":"<p>Liebe Sch\u00fclerinnen und Sch\u00fcler,liebe Eltern und Erziehungsberechtigte, nachdem mich einige besorgte Anrufe von Eltern und Erziehungsberechtigten erreicht haben, bei denen es sich um die Thematik<\/p>\n","protected":false},"author":1,"featured_media":0,"comment_status":"closed","ping_status":"open","sticky":false,"template":"","format":"standard","meta":{"footnotes":""},"categories":[1,6],"tags":[],"_links":{"self":[{"href":"https:\/\/www.gymbrv.de\/index.php\/wp-json\/wp\/v2\/posts\/348"}],"collection":[{"href":"https:\/\/www.gymbrv.de\/index.php\/wp-json\/wp\/v2\/posts"}],"about":[{"href":"https:\/\/www.gymbrv.de\/index.php\/wp-json\/wp\/v2\/types\/post"}],"author":[{"embeddable":true,"href":"https:\/\/www.gymbrv.de\/index.php\/wp-json\/wp\/v2\/users\/1"}],"replies":[{"embeddable":true,"href":"https:\/\/www.gymbrv.de\/index.php\/wp-json\/wp\/v2\/comments?post=348"}],"version-history":[{"count":3,"href":"https:\/\/www.gymbrv.de\/index.php\/wp-json\/wp\/v2\/posts\/348\/revisions"}],"predecessor-version":[{"id":351,"href":"https:\/\/www.gymbrv.de\/index.php\/wp-json\/wp\/v2\/posts\/348\/revisions\/351"}],"wp:attachment":[{"href":"https:\/\/www.gymbrv.de\/index.php\/wp-json\/wp\/v2\/media?parent=348"}],"wp:term":[{"taxonomy":"category","embeddable":true,"href":"https:\/\/www.gymbrv.de\/index.php\/wp-json\/wp\/v2\/categories?post=348"},{"taxonomy":"post_tag","embeddable":true,"href":"https:\/\/www.gymbrv.de\/index.php\/wp-json\/wp\/v2\/tags?post=348"}],"curies":[{"name":"wp","href":"https:\/\/api.w.org\/{rel}","templated":true}]}}