{"id":3525,"date":"2023-03-07T17:43:13","date_gmt":"2023-03-07T16:43:13","guid":{"rendered":"https:\/\/www.gymbrv.de\/?p=3525"},"modified":"2023-03-10T17:07:46","modified_gmt":"2023-03-10T16:07:46","slug":"frankreich-austausch-8-9-jahrgang","status":"publish","type":"post","link":"https:\/\/www.gymbrv.de\/index.php\/2023\/03\/07\/frankreich-austausch-8-9-jahrgang\/","title":{"rendered":"Frankreich Austausch 8.\/9. Jahrgang"},"content":{"rendered":"\n<p>Geschrieben vom Franz\u00f6sisch-Kurs 9bc<\/p>\n\n\n\n<div class=\"wp-block-file\"><a href=\"https:\/\/www.gymbrv.de\/wp-content\/uploads\/2023\/03\/Frankreichaustausch-1.pdf\" class=\"wp-block-file__button wp-element-button\" download>Als PDF-Dokument herunterladen<\/a><\/div>\n\n\n<div class=\"wp-block-image\">\n<figure class=\"aligncenter size-full\"><img loading=\"lazy\" decoding=\"async\" width=\"465\" height=\"600\" src=\"https:\/\/www.gymbrv.de\/wp-content\/uploads\/2023\/03\/franz0.jpg\" alt=\"\" class=\"wp-image-3548\" srcset=\"https:\/\/www.gymbrv.de\/wp-content\/uploads\/2023\/03\/franz0.jpg 465w, https:\/\/www.gymbrv.de\/wp-content\/uploads\/2023\/03\/franz0-233x300.jpg 233w\" sizes=\"(max-width: 465px) 100vw, 465px\" \/><\/figure><\/div>\n\n\n<figure class=\"wp-block-table\"><table><tbody><tr><td>Le dimanche soir du 05.03.2023, c&#8217;\u00e9tait le moment! L&#8217;\u00e9change en France des ann\u00e9es 8 et 9 a enfin commenc\u00e9!<\/td><td>Am Sonntagabend am 05.03.2023 war es endlich so weit! Der Austausch mit Frankreich der 8. und 9. Jahrg\u00e4nge hat endlich begonnen!<\/td><\/tr><tr><td><br><strong>05.03.2023<\/strong><\/td><td><\/td><\/tr><tr><td>\u00c0 19 heures, il y\u2019a eu le d\u00e9part \u00e0 l&#8217;\u00e9cole \u00e0 Bremerv\u00f6rde. Pendant le trajet, on a jou\u00e9 des jeux, on a parl\u00e9, on a pu \u00e9couter de la musique ou regarder Netflix. On a pu aussi dormir, mais beaucoup de nos camarades n\u2019ont dormi que tr\u00e8s bri\u00e8vement. Des pauses ont \u00e9t\u00e9 faites r\u00e9guli\u00e8rement dans les aires de repos afin que les chauffeurs de bus aient pu alterner. Apr\u00e8s 18 heures et 1300 km, tout le monde est arriv\u00e9 \u00e0 13 heures \u00e0 Roquemaure.<\/td><td>Um 19 Uhr ging es zur Schule in Bremerv\u00f6rde. W\u00e4hrend der Fahrt spielten sie Spiele, unterhielten sich, konnten Musik h\u00f6ren oder Netflix schauen. Wir konnten auch schlafen, aber viele unserer Kameraden haben nur sehr kurz geschlafen. In den Rastpl\u00e4tzen wurden regelm\u00e4\u00dfig Pausen gemacht, damit sich die Busfahrer sich abwechseln konnten. Nach 18 Stunden und 1300 km kamen alle um 13 Uhr in Roquemaure an.<\/td><\/tr><tr><td><br><strong>06.03.2023<\/strong><\/td><td><\/td><\/tr><tr><td>Apr\u00e8s l&#8217;arriv\u00e9e, il y\u2018a eu d&#8217;abord un jeu d&#8217;apprentissage. Apr\u00e8s que tout le monde se soit a rencontr\u00e9 et que chacun ait trouv\u00e9 son partenaire d&#8217;\u00e9change, il y a eu un tournoi sportif. Une moiti\u00e9 a jou\u00e9 au Brennball et l&#8217;autre moiti\u00e9 a couru. Plus tard, nos camarades sont all\u00e9s dans les familles o\u00f9 tout le monde s&#8217;est rencontr\u00e9. Le soir, tout le monde \u00e9tait tr\u00e8s fatigu\u00e9 car c&#8217;\u00e9tait une journ\u00e9e fatiguante.<\/td><td>Nach der Ankunft gab es zuerst ein Kennenlernspiel. Nachdem sich alle kennengelernt hatten und jeder seinen Austauschpartner gefunden hatte, gab es ein Sportturnier. Die H\u00e4lfte spielte Brennball und die andere H\u00e4lfte ist gelaufen. Sp\u00e4ter gingen unsere Kameraden in die Familien, in denen sich alle trafen. Abends waren alle sehr m\u00fcde, weil es ein anstrengender Tag war.<\/td><\/tr><\/tbody><\/table><\/figure>\n\n\n\n<figure class=\"wp-block-table\"><table><tbody><tr><td class=\"has-text-align-left\" data-align=\"left\"><strong>07.03.2023<\/strong><\/td><td><img loading=\"lazy\" decoding=\"async\" width=\"300\" height=\"400\" class=\"wp-image-3527\" style=\"width: 150px;\" src=\"https:\/\/www.gymbrv.de\/wp-content\/uploads\/2023\/03\/franz01.jpg\" alt=\"\" srcset=\"https:\/\/www.gymbrv.de\/wp-content\/uploads\/2023\/03\/franz01.jpg 300w, https:\/\/www.gymbrv.de\/wp-content\/uploads\/2023\/03\/franz01-225x300.jpg 225w\" sizes=\"(max-width: 300px) 100vw, 300px\" \/><\/td><\/tr><tr><td class=\"has-text-align-left\" data-align=\"left\">Le deuxi\u00e8me jour du voyage, une visite au Jumphouse \u00e9tait pr\u00e9vue, mais comme les bus \u00e9taient en gr\u00e8ve, celui-ci a brusquement brusquement fait une visite de la ville dans le lieu orange. Les \u00e9l\u00e8ves ont eu l&#8217;occasion d&#8217;explorer le lieu avec joie et d&#8217;\u00e9changer en m\u00eame temps avec leurs partenaires d&#8217;\u00e9change fran\u00e7ais. Il y avait l&#8217;arc d&#8217;orange, une attraction historique.<\/td><td>Am zweiten Tag der Reise war ein Besuch im Jumphouse geplant, doch da die Busse am streiken waren, \u00e4nderte sich dieser schlagartig. Aus h\u00fcpfen wurde eine Stadtbesichtigung im Orte Orange. Die Sch\u00fcler*innen hatten die M\u00f6glichkeit den Ort voller Freude zu erkunden und sich gleichzeitig mit ihren Franz\u00f6sischen Austauschpartnern auszutauschen. Zu sehen gab es den Bogen von Orange, eine historische Sehensw\u00fcrdigkeit.<\/td><\/tr><tr><td class=\"has-text-align-left\" data-align=\"left\"><strong>Bogen von Orange<\/strong><\/td><td><img loading=\"lazy\" decoding=\"async\" width=\"417\" height=\"313\" class=\"wp-image-3536\" style=\"width: 150px;\" src=\"https:\/\/www.gymbrv.de\/wp-content\/uploads\/2023\/03\/franz05.jpg\" alt=\"\" srcset=\"https:\/\/www.gymbrv.de\/wp-content\/uploads\/2023\/03\/franz05.jpg 417w, https:\/\/www.gymbrv.de\/wp-content\/uploads\/2023\/03\/franz05-300x225.jpg 300w, https:\/\/www.gymbrv.de\/wp-content\/uploads\/2023\/03\/franz05-100x75.jpg 100w\" sizes=\"(max-width: 417px) 100vw, 417px\" \/><\/td><\/tr><tr><td class=\"has-text-align-left\" data-align=\"left\">En outre, ils ont pu voir le th\u00e9\u00e2tre d&#8217;orange. C&#8217;est un th\u00e9\u00e2tre romain antique qui a \u00e9t\u00e9 construit au d\u00e9but du 1er janvier. A \u00e9t\u00e9 construit au si\u00e8cle apr\u00e8s chr.<\/td><td>Au\u00dferdem konnten sie sich das Theater von Orange ansehen. Es ist ein antikes r\u00f6misches Theater, welches im fr\u00fchen 1. Jahrhundert nach Chr. erbaut wurde.<\/td><\/tr><tr><td class=\"has-text-align-left\" data-align=\"left\"><img loading=\"lazy\" decoding=\"async\" width=\"443\" height=\"298\" class=\"wp-image-3537\" style=\"width: 150px;\" src=\"https:\/\/www.gymbrv.de\/wp-content\/uploads\/2023\/03\/franz03.jpg\" alt=\"\" srcset=\"https:\/\/www.gymbrv.de\/wp-content\/uploads\/2023\/03\/franz03.jpg 443w, https:\/\/www.gymbrv.de\/wp-content\/uploads\/2023\/03\/franz03-300x202.jpg 300w\" sizes=\"(max-width: 443px) 100vw, 443px\" \/><\/td><td><strong>Theater von Orange<\/strong><\/td><\/tr><tr><td class=\"has-text-align-left\" data-align=\"left\">Cela ressemble \u00e0 un bon plan B!<\/td><td>Klingt nach einem guten Plan B!<\/td><\/tr><\/tbody><\/table><\/figure>\n\n\n\n<figure class=\"wp-block-table\"><table><tbody><tr><td><strong>Vendredi 08.03.23<\/strong><\/td><td><strong>Mittwoch 08.03.23<\/strong><\/td><\/tr><tr><td>Mercredi, les \u00e9l\u00e8ves des 8e et 9e ann\u00e9es ont eu une id\u00e9e de la journ\u00e9e scolaire fran\u00e7aise. Ils ont pu se faire une id\u00e9e du syst\u00e8me scolaire, de la conception des cours et du s\u00e9jour des pauses.<\/td><td>Am Mittwoch bekamen die Sch\u00fcler*innen des 8 und 9 Jahrgangs einen Eindruck vom franz\u00f6sischen Schulaltag.Sie konnten sich einen Eindruck vom Schulsystem, der Gestaltung des Unterrichts und des Aufenthalts der Pausen machen.<\/td><\/tr><tr><td><img loading=\"lazy\" decoding=\"async\" width=\"353\" height=\"300\" class=\"wp-image-3540\" style=\"width: 150px;\" src=\"https:\/\/www.gymbrv.de\/wp-content\/uploads\/2023\/03\/franz06.jpg\" alt=\"\" srcset=\"https:\/\/www.gymbrv.de\/wp-content\/uploads\/2023\/03\/franz06.jpg 353w, https:\/\/www.gymbrv.de\/wp-content\/uploads\/2023\/03\/franz06-300x255.jpg 300w\" sizes=\"(max-width: 353px) 100vw, 353px\" \/><\/td><td><strong>Cour du \u00abColl\u00e8ge Paul Val\u00e9ry\u00bb<br>Pausenhof vom \u201eColl\u00e8ge Paul Val\u00e9ry\u201c<\/strong><\/td><\/tr><tr><td>Outre le fait qu&#8217;on leur a offert la possibilit\u00e9 de discuter des diff\u00e9rences et des similitudes avec d&#8217;autres camarades de classe fran\u00e7ais, ils ont pu faire quelque chose avec leurs familles d&#8217;accueil. Qu&#8217;il s&#8217;agit de la cuisine, de la cuisson ou de simples activit\u00e9s de loisirs. Avec de telles activit\u00e9s simples, ils ont non seulement appris \u00e0 mieux se conna\u00eetre, mais ont \u00e9galement pu \u00e9largir leur utilisation de la langue.<\/td><td>Abgesehen davon, dass ihnen die M\u00f6glichkeit geboten wurde mit weiteren franz\u00f6sischen Mitsch\u00fclern \u00fcber Unterschiede und Gemeinsamkeiten zu diskutieren, konnten sie etwas mit ihren Gastfamilien unternehmen. Sei es das Kochen, Backen oder einfache Freizeitaktivit\u00e4ten.<br>Mit solchen einfachen Aktivit\u00e4ten lernten sie sich nicht nur besser kennen, sondern konnten ihren Sprachgebrauch erweitern.<\/td><\/tr><tr><td><\/td><td><img loading=\"lazy\" decoding=\"async\" width=\"540\" height=\"300\" class=\"wp-image-3543\" style=\"width: 150px;\" src=\"https:\/\/www.gymbrv.de\/wp-content\/uploads\/2023\/03\/franz7.jpg\" alt=\"\" srcset=\"https:\/\/www.gymbrv.de\/wp-content\/uploads\/2023\/03\/franz7.jpg 540w, https:\/\/www.gymbrv.de\/wp-content\/uploads\/2023\/03\/franz7-300x167.jpg 300w\" sizes=\"(max-width: 540px) 100vw, 540px\" \/><\/td><\/tr><\/tbody><\/table><\/figure>\n\n\n\n<figure class=\"wp-block-table\"><table><tbody><tr><td><strong>09.03.23<\/strong><\/td><td><\/td><\/tr><tr><td>Jeudi, les \u00e9l\u00e8ves ont particip\u00e9 au premier cours.<br>Apr\u00e8s cela, ils ont explor\u00e9 la r\u00e9gion de Rouqemaure. La culture fran\u00e7aise leur a \u00e9t\u00e9 pr\u00e9sent\u00e9e. Ils ont regard\u00e9 avec enthousiasme les curiosit\u00e9s et ont remarqu\u00e9 qu&#8217;ils apprenaient de plus en plus chaque jour, entre autres, ils ont visit\u00e9 le pont du &#8222;Pont du Gard&#8220;.<\/td><td>Am Donnerstag machten die Sch\u00fcler*innen die erste Schulstunde mit.<br>Danach erkundeten sie die Region Rouqemaure. Die franz\u00f6sische Kultur wurde ihnen vorgef\u00fchrt. Begeistert schauten sie sich Sehensw\u00fcrdigkeiten an und merkten, dass sie von Tag zu Tag immer mehr dazu lernen.Sie besichtigten unter anderem die Br\u00fccke \u201ePont du Gard\u201c.<\/td><\/tr><tr><td><img loading=\"lazy\" decoding=\"async\" width=\"400\" height=\"300\" class=\"wp-image-3562\" style=\"width: 150px;\" src=\"https:\/\/www.gymbrv.de\/wp-content\/uploads\/2023\/03\/franz08.jpg\" alt=\"\" srcset=\"https:\/\/www.gymbrv.de\/wp-content\/uploads\/2023\/03\/franz08.jpg 400w, https:\/\/www.gymbrv.de\/wp-content\/uploads\/2023\/03\/franz08-300x225.jpg 300w, https:\/\/www.gymbrv.de\/wp-content\/uploads\/2023\/03\/franz08-100x75.jpg 100w\" sizes=\"(max-width: 400px) 100vw, 400px\" \/><\/td><td><strong>Die Br\u00fccke<br>Le Pont du Gard<\/strong><\/td><\/tr><tr><td>Ils discutaient et \u00e9taient occup\u00e9s \u00e0 prendre des photos!<\/td><td>Sie unterhielten sich und machten flei\u00dfig Fotos!<\/td><\/tr><\/tbody><\/table><\/figure>\n","protected":false},"excerpt":{"rendered":"<p>Le dimanche soir du 05.03.2023, c\u2019\u00e9tait le moment! L\u2019\u00e9change en France des ann\u00e9es 8 et 9 a enfin commenc\u00e9!<\/p>\n","protected":false},"author":1,"featured_media":3531,"comment_status":"closed","ping_status":"open","sticky":false,"template":"","format":"standard","meta":{"footnotes":""},"categories":[1,4],"tags":[],"_links":{"self":[{"href":"https:\/\/www.gymbrv.de\/index.php\/wp-json\/wp\/v2\/posts\/3525"}],"collection":[{"href":"https:\/\/www.gymbrv.de\/index.php\/wp-json\/wp\/v2\/posts"}],"about":[{"href":"https:\/\/www.gymbrv.de\/index.php\/wp-json\/wp\/v2\/types\/post"}],"author":[{"embeddable":true,"href":"https:\/\/www.gymbrv.de\/index.php\/wp-json\/wp\/v2\/users\/1"}],"replies":[{"embeddable":true,"href":"https:\/\/www.gymbrv.de\/index.php\/wp-json\/wp\/v2\/comments?post=3525"}],"version-history":[{"count":20,"href":"https:\/\/www.gymbrv.de\/index.php\/wp-json\/wp\/v2\/posts\/3525\/revisions"}],"predecessor-version":[{"id":3569,"href":"https:\/\/www.gymbrv.de\/index.php\/wp-json\/wp\/v2\/posts\/3525\/revisions\/3569"}],"wp:featuredmedia":[{"embeddable":true,"href":"https:\/\/www.gymbrv.de\/index.php\/wp-json\/wp\/v2\/media\/3531"}],"wp:attachment":[{"href":"https:\/\/www.gymbrv.de\/index.php\/wp-json\/wp\/v2\/media?parent=3525"}],"wp:term":[{"taxonomy":"category","embeddable":true,"href":"https:\/\/www.gymbrv.de\/index.php\/wp-json\/wp\/v2\/categories?post=3525"},{"taxonomy":"post_tag","embeddable":true,"href":"https:\/\/www.gymbrv.de\/index.php\/wp-json\/wp\/v2\/tags?post=3525"}],"curies":[{"name":"wp","href":"https:\/\/api.w.org\/{rel}","templated":true}]}}