{"id":3695,"date":"2023-06-11T16:47:35","date_gmt":"2023-06-11T14:47:35","guid":{"rendered":"https:\/\/www.gymbrv.de\/?p=3695"},"modified":"2023-06-11T16:47:35","modified_gmt":"2023-06-11T14:47:35","slug":"delf-pruefungen-wie-ein-ganz-normales-gespraech","status":"publish","type":"post","link":"https:\/\/www.gymbrv.de\/index.php\/2023\/06\/11\/delf-pruefungen-wie-ein-ganz-normales-gespraech\/","title":{"rendered":"<strong>DELF &#8211; Pr\u00fcfungen- \u201eWie ein ganz normales Gespr\u00e4ch!\u201c<\/strong>"},"content":{"rendered":"\n<p>Am 1. Juni 2023 machten sich acht Sch\u00fclerinnen und Sch\u00fcler der Jahrg\u00e4nge 9 und 10 unserer Schule fr\u00fch am Morgen auf den Weg nach Bremerhaven zum Lloyd-Gymnasium, um dort den zweiten Teil ihrer DELF-Pr\u00fcfungen abzulegen.<br><br>DELF \u2013 was ist das? Es ist das \u00abDipl\u00f4me d\u2019\u00c9tudes en Langue Fran\u00e7aise\u00bb, ein international anerkanntes, franz\u00f6sisches Sprachzertifikat, das sp\u00e4ter ein gro\u00dfes Plus in jeder Bewerbungsmappe darstellt. Die vier Niveaustufen (A1 \u2013 B2) k\u00f6nnen, m\u00fcssen aber nicht nacheinander erreicht werden. Wir starten ab Klasse 8 mit dem Training im Rahmen einer AG.<br><br>In diesem Schuljahr konnte der erste Teil der Pr\u00fcfungen, der schriftliche Teil (H\u00f6rverstehen, Leseverstehen und Schreiben), zum ersten Mal in unserem Schulgeb\u00e4ude abgelegt werden.<br>Der zweite Teil f\u00fchrte die motivierten Sch\u00fclerinnen und Sch\u00fcler nun zu den m\u00fcndlichen Pr\u00fcfungen nach Bremerhaven. Dort trafen sie auf franz\u00f6sische Muttersprachlerinnen des Institut fran\u00e7ais, die eine authentische Gespr\u00e4chssituation bieten konnten. \u201eVoll nett!\u201c, so der Kommentar einer Sch\u00fclerin. Die Pr\u00fcflinge kamen l\u00e4chelnd aus den Gespr\u00e4chen.<br>\u00a0<br>Besonders freut es alle DELF-Kandidatinnen und -Kandidaten und uns als Fachschaft Franz\u00f6sisch, dass der <strong>F\u00f6rderverein des Gymnasiums Bremerv\u00f6rde<\/strong> in diesem Jahr die Fahrtkosten nach Bremerhaven \u00fcbernommen hat.<br><strong>Wir danken herzlich daf\u00fcr!<\/strong><\/p>\n\n\n\n<p>Gesa Becker<\/p>\n\n\n\n<figure class=\"wp-block-image size-large\"><img loading=\"lazy\" decoding=\"async\" width=\"1024\" height=\"586\" src=\"https:\/\/www.gymbrv.de\/wp-content\/uploads\/2023\/06\/Bild1-1024x586.jpg\" alt=\"\" class=\"wp-image-3697\" srcset=\"https:\/\/www.gymbrv.de\/wp-content\/uploads\/2023\/06\/Bild1-1024x586.jpg 1024w, https:\/\/www.gymbrv.de\/wp-content\/uploads\/2023\/06\/Bild1-300x172.jpg 300w, https:\/\/www.gymbrv.de\/wp-content\/uploads\/2023\/06\/Bild1-768x439.jpg 768w, https:\/\/www.gymbrv.de\/wp-content\/uploads\/2023\/06\/Bild1.jpg 1299w\" sizes=\"(max-width: 1024px) 100vw, 1024px\" \/><\/figure>\n\n\n\n<p><\/p>\n","protected":false},"excerpt":{"rendered":"<p>Am 1. Juni 2023 machten sich acht Sch\u00fclerinnen und Sch\u00fcler der Jahrg\u00e4nge 9 und 10 unserer Schule fr\u00fch am Morgen auf den Weg nach Bremerhaven zum Lloyd-Gymnasium, um dort den zweiten Teil ihrer DELF-Pr\u00fcfungen abzulegen.<\/p>\n","protected":false},"author":2,"featured_media":3696,"comment_status":"closed","ping_status":"open","sticky":false,"template":"","format":"standard","meta":{"footnotes":""},"categories":[1],"tags":[],"_links":{"self":[{"href":"https:\/\/www.gymbrv.de\/index.php\/wp-json\/wp\/v2\/posts\/3695"}],"collection":[{"href":"https:\/\/www.gymbrv.de\/index.php\/wp-json\/wp\/v2\/posts"}],"about":[{"href":"https:\/\/www.gymbrv.de\/index.php\/wp-json\/wp\/v2\/types\/post"}],"author":[{"embeddable":true,"href":"https:\/\/www.gymbrv.de\/index.php\/wp-json\/wp\/v2\/users\/2"}],"replies":[{"embeddable":true,"href":"https:\/\/www.gymbrv.de\/index.php\/wp-json\/wp\/v2\/comments?post=3695"}],"version-history":[{"count":1,"href":"https:\/\/www.gymbrv.de\/index.php\/wp-json\/wp\/v2\/posts\/3695\/revisions"}],"predecessor-version":[{"id":3698,"href":"https:\/\/www.gymbrv.de\/index.php\/wp-json\/wp\/v2\/posts\/3695\/revisions\/3698"}],"wp:featuredmedia":[{"embeddable":true,"href":"https:\/\/www.gymbrv.de\/index.php\/wp-json\/wp\/v2\/media\/3696"}],"wp:attachment":[{"href":"https:\/\/www.gymbrv.de\/index.php\/wp-json\/wp\/v2\/media?parent=3695"}],"wp:term":[{"taxonomy":"category","embeddable":true,"href":"https:\/\/www.gymbrv.de\/index.php\/wp-json\/wp\/v2\/categories?post=3695"},{"taxonomy":"post_tag","embeddable":true,"href":"https:\/\/www.gymbrv.de\/index.php\/wp-json\/wp\/v2\/tags?post=3695"}],"curies":[{"name":"wp","href":"https:\/\/api.w.org\/{rel}","templated":true}]}}