{"id":3725,"date":"2023-08-09T14:41:51","date_gmt":"2023-08-09T12:41:51","guid":{"rendered":"https:\/\/www.gymbrv.de\/?p=3725"},"modified":"2023-08-12T14:49:41","modified_gmt":"2023-08-12T12:49:41","slug":"mitteilungen-aus-der-schule-2","status":"publish","type":"post","link":"https:\/\/www.gymbrv.de\/index.php\/2023\/08\/09\/mitteilungen-aus-der-schule-2\/","title":{"rendered":"Mitteilungen aus der Schule"},"content":{"rendered":"\n<div class=\"wp-block-file\"><a id=\"wp-block-file--media-3e91ace8-0859-4440-ab2a-de376f180cff\" href=\"https:\/\/www.gymbrv.de\/wp-content\/uploads\/2023\/08\/Schulmitteilungen-2023-24-01.pdf\">PDF herunterladen<\/a><a href=\"https:\/\/www.gymbrv.de\/wp-content\/uploads\/2023\/08\/Schulmitteilungen-2023-24-01.pdf\" class=\"wp-block-file__button wp-element-button\" download aria-describedby=\"wp-block-file--media-3e91ace8-0859-4440-ab2a-de376f180cff\"><\/a><\/div>\n\n\n\n<p>Liebe Erziehungsberechtigte,<br>liebe Sch\u00fclerinnen und Sch\u00fcler,<br>liebe Kolleginnen und Kollegen,<\/p>\n\n\n\n<p>ich hoffe, dass wir alle in der unterrichtsfreien Zeit der Sommerferien die M\u00f6glichkeit hatten, uns vom Stress des vergangenen Schuljahres mit dem Umzug ins neue Geb\u00e4ude, von der Gew\u00f6hnung an die neue Umgebung und vom Umgang mit der neuen medialen Lernumgebung zu erholen.<\/p>\n\n\n\n<p>Zwar gilt die Corona-Pandemie offiziell als beendet, doch ihre Auswirkungen auf die Lernentwicklung, insbesondere unserer j\u00fcngeren Sch\u00fcler*Innen, wird uns weiterhin besch\u00e4ftigen. Diese aufzuarbeiten, wird auch im kommenden Schuljahr eine wichtige Aufgabe f\u00fcr alle Beteiligten sein. Leider stehen den Gymnasien in Niedersachen keine Sozialp\u00e4dagogen*Innen zur Verf\u00fcgung, die uns in vielen F\u00e4llen wirkungsvoll unterst\u00fctzen k\u00f6nnten. Ich bin aber dennoch \u00fcberzeugt, dass wir mit dem eingeschlagenen Weg unter anderem mit Hilfe der F\u00f6rder-AGs und Lernpatenschaften vielen Sch\u00fcler*Innen helfen werden k\u00f6nnen.<\/p>\n\n\n\n<p>Unsere ukrainischen Sch\u00fcler*Innen finden sich zunehmend besser am Gymnasium Bremerv\u00f6rde zurecht. Das ist der Verdienst unserer Lehrkr\u00e4fte in \u201eDeutsch-als-Zweitsprache\u201c (abgek\u00fcrzt DaZ), die mit gro\u00dfem Engagement diese Sch\u00fcler*Innen neben dem normalen Unterricht zus\u00e4tzlich in Deutsch unterrichten sowie dem unerm\u00fcdlichen Einsatz von Frau <em>Kasper<\/em>, die \u00fcberdies den ukrainischen Sch\u00fcler*Innen hilft, sich auch au\u00dferhalb der Schule zurechtzufinden. Ihnen gilt mein besonderer Dank. Wollen wir alle hoffen, dass der Angriffskrieg Russlands gegen die Ukraine bald ein Ende finden m\u00f6ge und damit sich f\u00fcr unsere ukrainischen Sch\u00fcler*Innen bald wieder friedliche Perspektiven bieten werden.<\/p>\n\n\n\n<p>Nach dem Einzug in unser neues Geb\u00e4ude hat es eine Vielzahl von Anregungen, aber auch Beschwerden gegeben. Einige Probleme konnten inzwischen abgestellt werden. F\u00fcr die Aufenthaltsbereiche f\u00fcr Sch\u00fcler*Innen sind gemeinsam mit dem Schultr\u00e4ger L\u00f6sungen entwickelt worden, die allerdings noch der Genehmigung bed\u00fcrfen, um die entsprechenden baulichen Ma\u00dfnahmen umzusetzen. Wir sind der Hoffnung, dass dieses Vorhaben im Verlauf des kommenden Schuljahres auch realisiert werden wird.<\/p>\n\n\n\n<p><strong>Aus der Schulleitung<\/strong><\/p>\n\n\n\n<p>Leider konnten wir, nicht wie gewohnt, bereits am Ende des Schuljahres eine verbindliche Unterrichtsverteilung f\u00fcr das kommende Schuljahr zu ver\u00f6ffentlichen. Die Hintergr\u00fcnde daf\u00fcr sind vielschichtig, denn in zwei Jahrg\u00e4ngen konnten wir erst nach Ende des Schulzeit festlegen, mit welcher Anzahl von Klassen wir starten d\u00fcrfen. Hier haben wir nun aber Planungssicherheit, wir werden vier 5. Klassen und drei 11. Klassen einrichten. Hinsichtlich m\u00f6glicher Abordnungen, insbesondere der Stundendeputate von Kollegen*Innen, besteht leider noch keine Planungssicherheit. Wir werden die entsprechenden Informationen sofort ver\u00f6ffentlichen, beachten Sie \/ beachtet dazu bitte die Aush\u00e4nge am ersten Schultag und unsere Schulhomepage.<\/p>\n\n\n\n<p>Im letzten Schuljahr, besonders im zweiten Halbjahr ist der Schulleitung sehr unangenehm aufgefallen, dass von Seiten der Erziehungsberechtigten Beschwerden zunehmend direkt an die Schulleitung gerichtet wurden. \u00dcberwiegend handelte es sich um unterrichtsspezifische Beschwerden, zu denen die Schulleitung keine Aussagen treffen kann, ohne sich vorher mit den betreffenden Kollegen*Innen \u00fcber den Sachverhalt auszutauschen. Diese Vorgehensweise kostet alle Beteiligten nicht nur mehr Zeit und f\u00f6rdert Missverst\u00e4ndnisse, sondern erschwert die Kl\u00e4rung der Beschwerde. Deshalb weise ich hier konkret auf unser <strong>Beschwerdemanagement<\/strong> hin.<\/p>\n\n\n<div class=\"wp-block-image\">\n<figure class=\"aligncenter size-full\"><img loading=\"lazy\" decoding=\"async\" width=\"400\" height=\"234\" src=\"https:\/\/www.gymbrv.de\/wp-content\/uploads\/2023\/08\/bild01.jpg\" alt=\"\" class=\"wp-image-3730\" srcset=\"https:\/\/www.gymbrv.de\/wp-content\/uploads\/2023\/08\/bild01.jpg 400w, https:\/\/www.gymbrv.de\/wp-content\/uploads\/2023\/08\/bild01-300x176.jpg 300w\" sizes=\"(max-width: 400px) 100vw, 400px\" \/><\/figure><\/div>\n\n\n<p>Ich bitte, dass im kommenden Schuljahr dieser Beschwerdeweg eingehalten wird. Beschwerden, die direkt an die erweiterte Schulleitung adressiert sind, werden an die entsprechenden Fachlehrkr\u00e4fte weitergeleitet.<\/p>\n\n\n\n<p><strong>Nutzung der Campus-Mensa<\/strong><\/p>\n\n\n\n<p>In der vorletzten Schulwoche haben sich die Verantwortlichen des Landkreises Rotenburg, der Stadt Bremerv\u00f6rde und die Schulleitungen aller Bremerv\u00f6rder Schulen im Rathaus getroffen, um \u00fcber die Zukunft des Mensabetriebs der Campus-Mensa zu beraten.<\/p>\n\n\n\n<p>Nach wie vor klagt der Caterer \u00fcber zu wenige Essenbuchungen, weshalb dieses Angebot mit hoher Wahrscheinlichkeit im kommenden Schuljahr gestrichen werden wird. Allerdings l\u00e4uft der Kioskbetrieb sehr gut. Hier besteht die Hoffnung, dass der Caterer diesen aufrechterhalten wird.<\/p>\n\n\n\n<p>Sowohl der Landkreis als auch die Stadt w\u00fcnschen sich mehr Essensanmeldungen, um den Mensabetrieb zu sichern. Alle Schulen haben die altbekannten Schwierigkeiten wiederholt dargestellt, die eine Einf\u00fchrung von Essenspausen im Stundenplan mit sich bringen. Auch die nach wie vor unbefriedigende Situation des \u00d6PNVs wurde den Verantwortlichen sehr deutlich gemacht, insbesondere in Bezug auf weitere Abfahrten, um die M\u00f6glichkeit der Essensnutzung in der Mensa zu erh\u00f6hen. Hier wird es mit Sicherheit aber im kommenden Jahr keine Verbesserungen geben, denn die \u00d6PNV-Unternehmen haben definitiv keine zus\u00e4tzlichen personellen Kapazit\u00e4ten.<\/p>\n\n\n\n<p>Dennoch haben sich alle Schulleitungen verpflichtet, erneut f\u00fcr die Buchung von Essen in der Campus-Mensa zu werben. Sie finden \/ ihr findet deshalb das entsprechende Schreiben als Anhang zu diesen Mitteilungen aus der Schule, in der Hoffnung, dass nach Bekanntgabe der Stundenpl\u00e4ne Buchungen erfolgen. Wir werden versuchen, durch entsprechend im Stundenplan getaktete AGs ein Mittagessen in der Campus-Mensa zu erm\u00f6glichen.<\/p>\n\n\n\n<p><strong>Einf\u00fchrung von IPads in den Jahrg\u00e4ngen 7 &amp; 8<\/strong><\/p>\n\n\n\n<p>Wir werden den Einsatz dieses Mediums schrittweise einf\u00fchren, weder die Sch\u00fcler*Innen noch die Lehrkr\u00e4fte werden \u00fcberfordert werden. Zudem wird die Schule f\u00fcr interessierte Erziehungsberechtigte vor den Herbstferien Einf\u00fchrungskurse anbieten (die Termine stehen noch nicht fest, bitte beachten Sie unsere entsprechende Anschreiben bzw. Homepage).<\/p>\n\n\n\n<p>Die Einf\u00fchrung der IPads wird sich auch auf die Lernmittel (-ausleihe) auswirken, viele Lehrb\u00fccher werden wir in den kommenden Jahren schrittweise gegen entsprechende Online-Lizenzen ersetzen. Die Fachschaften sichten deshalb bereits jetzt die entsprechenden Angebote der Lernmittelverlage. Wir werden Sie \/ euch im Verlauf des kommenden<\/p>\n\n\n\n<p>Die Einf\u00fchrung der IPads wird sich auch auf die Lernmittel (-ausleihe) auswirken, viele Lehrb\u00fccher werden wir in den kommenden Jahren schrittweise gegen entsprechende Online-Lizenzen ersetzen. Die Fachschaften sichten deshalb bereits jetzt die entsprechenden Angebote der Lernmittelverlage. Wir werden Sie \/ euch im Verlauf des kommenden Schuljahres \u00fcber die entsprechenden Entscheidungen informieren und auch die Lernmittelausleiheb\u00f6gen anpassen.<\/p>\n\n\n\n<p>So wie wir gemeinsam den Umzug ins neue Schulgeb\u00e4ude ohne gro\u00dfe Probleme bew\u00e4ltigt haben, werden wir auch die Einf\u00fchrung des IPads schaffen, keiner muss Angst haben zur\u00fcckzubleiben.<\/p>\n\n\n\n<p><strong>Personalia<\/strong><\/p>\n\n\n\n<p>Als neue Referendarin begr\u00fc\u00dfen wir Frau Tauscher in unserem Kollegium. Wir w\u00fcnschen ihr im Referendariat viel Erfolg.<\/p>\n\n\n\n<p>Als \u201eneue\u201c Kollegin begr\u00fc\u00dfen wir Frau <em>Michaelis<\/em>, die wir nach erfolgreichem Referendariat einstellen konnten. Wir w\u00fcnschen ihr einen guten Start.<\/p>\n\n\n\n<p>Herr <em>Laufer<\/em> verl\u00e4sst uns nach diesem Schuljahr bereits wieder, um die gestiegenen Anforderungen in der kirchlichen Gemeindearbeit zu meistern. Wir w\u00fcnschen ihm dabei gutes Gelingen und hoffen, dass er vielleicht doch zu einem sp\u00e4teren Zeitpunkt den Weg zur\u00fcck ans Gymnasium Bremerv\u00f6rde findet.<\/p>\n\n\n\n<p>Frau <em>Morgenstern-DiFabio<\/em> verl\u00e4sst uns in Richtung Baltikum, um dort an einer deutschen Schule neue Erfahrungen zu sammeln. Wir w\u00fcnschen ihr guten Erfolg.<\/p>\n\n\n\n<p>Herr <em>Stelke<\/em> wird uns im neuen Schuljahr nicht mehr als Vertretungslehrkraft zur Verf\u00fcgung stehen, er wird in Buxtehude sein Referendariat beginnen. Wir w\u00fcnschen ihm dabei viel Erfolg.<\/p>\n\n\n\n<p>Frau <em>Dahm<\/em>, Frau <em>Kreykenbohm<\/em> und Frau <em>Laufer<\/em> sind weiterhin in Elternzeit.<\/p>\n\n\n\n<p><strong>Veranstaltungen<\/strong><\/p>\n\n\n\n<p>Hier m\u00f6chte ich zuerst den doch noch gelungen Gegenbesuch der franz\u00f6sischen Sch\u00fclergruppe nennen, denn Anfang Mai stand wegen Streiks im \u00d6PNV in Frankreich der Gegenbesuch auf der Kippe. Mit kaum in Worte zu fassendem Engagement hat es Frau <em>P\u00fcnjer<\/em> geschafft, die franz\u00f6sischen Sch\u00fcler*Innen und die begleitenden Lehrkr\u00e4fte zu uns zu holen, und in den letzten Tagen vor den Ferien ein f\u00fcr alle Beteiligten interessantes Programm geboten. Vielen Dank an Frau <em>P\u00fcnjer<\/em> und ihr Organisationsteam.<\/p>\n\n\n\n<p>Auch unsere Sportler*Innen haben in verschiedenen Disziplinen auf Kreis und Bezirksebene beachtliche Erfolge erzielt, die Fu\u00dfballer*Innen erreichten durch den Verzicht sogar das Landesfinale in Barsinghausen. Die Schulleitung bedankt sich bei allen Sportlehrkr\u00e4ften und den Erziehungsberechtigten, die unsere Sch\u00fcler*Innen vorbereitet und bei den Wettk\u00e4mpfen begleitet haben.<\/p>\n\n\n\n<p>F\u00fcr mich als Schulleiter stellte die Sporthalle als Veranstaltungsort f\u00fcr die Abiturentlassungsfeier am Freitag, 30.06. zwar ein Novum dar, denn bislang hatte ich nur im V-Deck und in der Schulaula die Feierlichkeiten erlebt. Aber auch in der Sporthalle konnte der feierliche Rahmen geboten werden, um die Abiturzeugnisse unseren Absolventen zu \u00fcberreichen. Ob wir im n\u00e4chsten Jahr die Entlassungsfeier in die Campus-Mensa-Aula verlegen, bleibt daher offen. Die ESL bedankt sich bei Frau <em>Schmidt<\/em>, Frau <em>L\u00fcdemann <\/em>sowie deren Team f\u00fcr die hervorragende Planung dieser Feier.<\/p>\n\n\n\n<p>Ein weiteres \u201eHighlight\u201c vor der Ferien war das traditionelle Sommerkonzert am Dienstagabend, 04.07. Die Fachschaft Musik begeisterte \u00fcber eineinhalb Stunden das zahlreich erschienene Publikum in der gro\u00dfen Aula der Campus-Mensa. Wir bedanken uns bei allen musizierenden Sch\u00fcler*Innen und den beiden hauptverantwortlichen Lehrkr\u00e4ften, Frau <em>Schaub<\/em> und Herrn <em>Postel<\/em> f\u00fcr die musikalische Leitung und dem 11. Jahrgang f\u00fcr die kulinarische Versorgung sowie allen weiteren Helfern.<\/p>\n\n\n\n<p>Auch der diesj\u00e4hrige Abistreich am Mittwoch, 28.06. darf hier nicht vergessen werden. Die Abiturienten*Innen haben auf dem Sportplatz f\u00fcr die gesamte Sch\u00fclerschaft ein interessantes Sport- und Spielfest organisiert, dessen Kr\u00f6nung ein Fu\u00dfballspiel der Abiturienten*Innen gegen die Lehrer*Innen mit einem denkw\u00fcrdigen Endergebnis darstellte. Ich war und bin begeistert von diesem Abistreich-Format, denn es hat die Schulgemeinschaft deutlich gef\u00f6rdert, und w\u00fcnsche mir, dass die kommenden Jahrg\u00e4nge dieses Format als Vorlage f\u00fcr Ihren Abistreich nutzen werden. Vielen Dank an das Organisationsteam der Abiturienten*Innen.<\/p>\n\n\n\n<p>\u201cLast but not least\u201d hat der 12. Jahrgang am letzten Schultag ein weiteres Fu\u00dfballspiel zwischen sich und den Lehrer*Innen geplant. Leider hat es das typisch \u201enorddeutsche Schmuddelwetter\u201c verhindert, dieses auf dem Sportplatz auszuf\u00fchren. Doch unser 12. Jahrgang zeigte sein Organisationstalent und verlegte das Spiel kurzerhand in die Sporthalle. Nahezu die gesamte Sch\u00fclerschaft und alle Kollegen*Innen verfolgten das hochspannende Spiel. Viele Amateurvereine w\u00fcrden sich \u00fcber derart gro\u00dfe Zuschauerkulisse und die damit verbundene Atmosph\u00e4re freuen. Und auch der Schulleiter hatte seine Freude, denn endlich konnte er sein altes Hobby als Schiedsrichter wieder einmal aus\u00fcben. Vielen Dank an den 12.&nbsp;Jahrgang f\u00fcr diese gute Idee und auch f\u00fcr das anschlie\u00dfende Aufr\u00e4umen der Sporthalle!<\/p>\n\n\n\n<p>\u00dcber die weiteren Aktivit\u00e4ten am Gymnasium Bremerv\u00f6rde sind bereits sowohl in der \u00f6rtlichen Presse als auch auf unserer Home Page Artikel ver\u00f6ffentlicht worden, die Sie \/ ihr dort nachlesen k\u00f6nnen \/ k\u00f6nnt.<\/p>\n\n\n\n<p>Ein Blick in die Zukunft zeigt ein weiteres Projekt: Am Freitag, 08.09. planen wir auf Initiative des Schulelternrats ein Schulfest. Ich habe bereits in einer Rundmail alle Sch\u00fcler*Innen und Kollegen*Innen dar\u00fcber informiert, m\u00f6chte aber hier trotzdem die Bitte formulieren, dass sich alle Interessierten mit Frau Itzen oder mir bzgl. m\u00f6glicher Aktivit\u00e4ten zeitnah in Verbindung setzen.<\/p>\n\n\n\n<p><strong>Termine<\/strong><\/p>\n\n\n\n<p>Folgende Termine bis zu den Herbstferien bitten wir zu beachten:<\/p>\n\n\n\n<ul>\n<li><strong>Mi, 16.08., 10:00 Uhr<\/strong> Dienstbesprechung des Kollegiums<\/li>\n\n\n\n<li><strong>Do, 17.08.<\/strong> Schulbeginn <em>(bitte unbedingt weitere Informationen auf der Schulhomepage beachten!)<\/em><\/li>\n\n\n\n<li><strong>Sa, 19.08., 13:00 Uhr<\/strong> Einschulungsfeier der neuen 5. Kl\u00e4ssler*Innen in der Campus- Mensa<\/li>\n\n\n\n<li><strong>So, 20. \/ Mo, 21. \u2013 Fr, 25.08.<\/strong> Studienfahrten des 13. JGs nach Kopenhagen und Wien<\/li>\n\n\n\n<li><strong>Mo, 21. \u2013 Fr, 25.08.<\/strong> Erste Hilfe Kursange- bot f\u00fcr Sch\u00fclerInnen der Sek. 1<\/li>\n\n\n\n<li><strong>Fr, 08.09., ab 13:00 Uhr<\/strong> Sommerfest am Gymnasium Bremerv\u00f6rde<\/li>\n\n\n\n<li>Mo, 02. \u2013 Di, 03.10 unterrichtsfrei<\/li>\n\n\n\n<li><strong>Fr, 06.10.<\/strong> Ausbildungsmesse der BBS in der Campus-Mensa<\/li>\n\n\n\n<li><strong>Fr, 13.10.<\/strong> letzter Schultag vor den Herbstferien<\/li>\n\n\n\n<li><strong>Mi, 01.11.<\/strong> erster Schultag nach den Herbstferien<\/li>\n<\/ul>\n\n\n\n<p>Die weiteren Termine sowie weitere Details der Veranstaltungen entnehmen Sie \/ entnehmt bitte dem Kalendermodul in IServ oder der Schulhomepage.<\/p>\n\n\n\n<p class=\"has-text-align-center\"><em>Ich hoffe, dass Sie \/ihr alle bislang erholsame Sommerferien hattet,<br>ich freue mich auf den Schulstart am Donnerstag,17.08.2023,<br>bis dahin verbleibe ich mit freundlichen Gr\u00fc\u00dfen<br>OStD Dr. Uwe Strohbach<\/em><\/p>\n\n\n\n<p><strong>Anhang<\/strong><\/p>\n\n\n\n<div class=\"wp-block-file\"><a id=\"wp-block-file--media-0a0455ac-d8e7-421a-a623-6a44643c50d1\" href=\"https:\/\/www.gymbrv.de\/wp-content\/uploads\/2023\/08\/Anmeldeinformationen-Campus-Mensa.pdf\">Anmeldeinformationen-Campus-Mensa<\/a><a href=\"https:\/\/www.gymbrv.de\/wp-content\/uploads\/2023\/08\/Anmeldeinformationen-Campus-Mensa.pdf\" class=\"wp-block-file__button wp-element-button\" download aria-describedby=\"wp-block-file--media-0a0455ac-d8e7-421a-a623-6a44643c50d1\">PDF Herunterladen<\/a><\/div>\n","protected":false},"excerpt":{"rendered":"<p>Ich hoffe, dass wir alle in der unterrichtsfreien Zeit der Sommerferien die M\u00f6glichkeit hatten, uns vom Stress des vergangenen Schuljahres mit dem Umzug ins neue Geb\u00e4ude, von der Gew\u00f6hnung an die neue Umgebung und vom Umgang mit der neuen medialen Lernumgebung zu erholen.<\/p>\n","protected":false},"author":1,"featured_media":3738,"comment_status":"closed","ping_status":"open","sticky":false,"template":"","format":"standard","meta":{"footnotes":""},"categories":[1,6],"tags":[],"_links":{"self":[{"href":"https:\/\/www.gymbrv.de\/index.php\/wp-json\/wp\/v2\/posts\/3725"}],"collection":[{"href":"https:\/\/www.gymbrv.de\/index.php\/wp-json\/wp\/v2\/posts"}],"about":[{"href":"https:\/\/www.gymbrv.de\/index.php\/wp-json\/wp\/v2\/types\/post"}],"author":[{"embeddable":true,"href":"https:\/\/www.gymbrv.de\/index.php\/wp-json\/wp\/v2\/users\/1"}],"replies":[{"embeddable":true,"href":"https:\/\/www.gymbrv.de\/index.php\/wp-json\/wp\/v2\/comments?post=3725"}],"version-history":[{"count":17,"href":"https:\/\/www.gymbrv.de\/index.php\/wp-json\/wp\/v2\/posts\/3725\/revisions"}],"predecessor-version":[{"id":3747,"href":"https:\/\/www.gymbrv.de\/index.php\/wp-json\/wp\/v2\/posts\/3725\/revisions\/3747"}],"wp:featuredmedia":[{"embeddable":true,"href":"https:\/\/www.gymbrv.de\/index.php\/wp-json\/wp\/v2\/media\/3738"}],"wp:attachment":[{"href":"https:\/\/www.gymbrv.de\/index.php\/wp-json\/wp\/v2\/media?parent=3725"}],"wp:term":[{"taxonomy":"category","embeddable":true,"href":"https:\/\/www.gymbrv.de\/index.php\/wp-json\/wp\/v2\/categories?post=3725"},{"taxonomy":"post_tag","embeddable":true,"href":"https:\/\/www.gymbrv.de\/index.php\/wp-json\/wp\/v2\/tags?post=3725"}],"curies":[{"name":"wp","href":"https:\/\/api.w.org\/{rel}","templated":true}]}}