{"id":3764,"date":"2023-09-03T12:50:23","date_gmt":"2023-09-03T10:50:23","guid":{"rendered":"https:\/\/www.gymbrv.de\/?p=3764"},"modified":"2023-09-03T13:28:53","modified_gmt":"2023-09-03T11:28:53","slug":"schulfest-am-freitag-08-09-2023","status":"publish","type":"post","link":"https:\/\/www.gymbrv.de\/index.php\/2023\/09\/03\/schulfest-am-freitag-08-09-2023\/","title":{"rendered":"Schulfest am Freitag, 08.09.2023"},"content":{"rendered":"<div class=\"wp-block-image\">\n<figure class=\"alignright size-full\"><img loading=\"lazy\" decoding=\"async\" width=\"360\" height=\"480\" src=\"https:\/\/www.gymbrv.de\/wp-content\/uploads\/2023\/09\/sommerfest.png\" alt=\"\" class=\"wp-image-3766\" srcset=\"https:\/\/www.gymbrv.de\/wp-content\/uploads\/2023\/09\/sommerfest.png 360w, https:\/\/www.gymbrv.de\/wp-content\/uploads\/2023\/09\/sommerfest-225x300.png 225w\" sizes=\"(max-width: 360px) 100vw, 360px\" \/><\/figure><\/div>\n\n\n<p>Liebe Sch\u00fclerinnen und Sch\u00fcler,<\/p>\n\n\n\n<p>am Freitag, 08.09.2023 von 14:30 Uhr bis etwa 17:00 Uhr wollen wir alle gemeinsam Freude und Spa\u00df auf dem Schulfest genie\u00dfen.<\/p>\n\n\n\n<p>Dazu laden euch die Schulleitung, der Schulelternrat sowie die Sch\u00fclerinnen und Sch\u00fcler des 12.&nbsp;Jahrgangs ein. Auch interessierte Erziehungsberechtigte sind herzlich willkommen und k\u00f6nnen sich auf einen gef\u00fchrten Rundgang durch das neue Schulgeb\u00e4ude freuen.<\/p>\n\n\n\n<p>Um Anfragen zu vermeiden, die Teilnahme am Schulfest ist freiwillig, aber wir Organisatoren freuen uns, wenn m\u00f6glichst viele von euch teilnehmen, damit die sportlichen Veranstaltungen auch in Gruppen erfolgen k\u00f6nnen.<\/p>\n\n\n\n<p>F\u00fcr Essen und Getr\u00e4nke ist gesorgt (zum Selbstkostenpreis).<\/p>\n\n\n\n<p>Wir hoffen f\u00fcr den kommenden Freitag auf Sonnenschein und ganz viele aktive Sch\u00fclerinnen und Sch\u00fcler!<\/p>\n\n\n\n<p>Uwe Strohbach im Namen des gesamten Organisationsteams<\/p>\n","protected":false},"excerpt":{"rendered":"<p>Am Freitag, 08.09.2023 von 14:30 Uhr bis etwa 17:00 Uhr wollen wir alle gemeinsam Freude und Spa\u00df auf dem Schulfest genie\u00dfen.<\/p>\n","protected":false},"author":1,"featured_media":3770,"comment_status":"closed","ping_status":"open","sticky":false,"template":"","format":"standard","meta":{"footnotes":""},"categories":[4],"tags":[],"_links":{"self":[{"href":"https:\/\/www.gymbrv.de\/index.php\/wp-json\/wp\/v2\/posts\/3764"}],"collection":[{"href":"https:\/\/www.gymbrv.de\/index.php\/wp-json\/wp\/v2\/posts"}],"about":[{"href":"https:\/\/www.gymbrv.de\/index.php\/wp-json\/wp\/v2\/types\/post"}],"author":[{"embeddable":true,"href":"https:\/\/www.gymbrv.de\/index.php\/wp-json\/wp\/v2\/users\/1"}],"replies":[{"embeddable":true,"href":"https:\/\/www.gymbrv.de\/index.php\/wp-json\/wp\/v2\/comments?post=3764"}],"version-history":[{"count":2,"href":"https:\/\/www.gymbrv.de\/index.php\/wp-json\/wp\/v2\/posts\/3764\/revisions"}],"predecessor-version":[{"id":3769,"href":"https:\/\/www.gymbrv.de\/index.php\/wp-json\/wp\/v2\/posts\/3764\/revisions\/3769"}],"wp:featuredmedia":[{"embeddable":true,"href":"https:\/\/www.gymbrv.de\/index.php\/wp-json\/wp\/v2\/media\/3770"}],"wp:attachment":[{"href":"https:\/\/www.gymbrv.de\/index.php\/wp-json\/wp\/v2\/media?parent=3764"}],"wp:term":[{"taxonomy":"category","embeddable":true,"href":"https:\/\/www.gymbrv.de\/index.php\/wp-json\/wp\/v2\/categories?post=3764"},{"taxonomy":"post_tag","embeddable":true,"href":"https:\/\/www.gymbrv.de\/index.php\/wp-json\/wp\/v2\/tags?post=3764"}],"curies":[{"name":"wp","href":"https:\/\/api.w.org\/{rel}","templated":true}]}}