{"id":3788,"date":"2023-12-14T16:52:39","date_gmt":"2023-12-14T15:52:39","guid":{"rendered":"https:\/\/www.gymbrv.de\/?p=3788"},"modified":"2023-12-14T16:52:39","modified_gmt":"2023-12-14T15:52:39","slug":"auf-kufen-unterwegs-die-7-klassen-des-gymnasium-bremervoerde-beim-eislaufen","status":"publish","type":"post","link":"https:\/\/www.gymbrv.de\/index.php\/2023\/12\/14\/auf-kufen-unterwegs-die-7-klassen-des-gymnasium-bremervoerde-beim-eislaufen\/","title":{"rendered":"Auf Kufen unterwegs \u2013 die 7. Klassen des Gymnasium Bremerv\u00f6rde beim Eislaufen"},"content":{"rendered":"\n<p>Der gesamte 7. Jahrgang fuhr am Dienstag, den 5.12.23, gemeinsam mit den Sportlehrkr\u00e4ften Frau Bladauski, Herrn Glandorf, Frau Ratke und Herrn Wurster in die Eissporthalle Harsefeld. Es sollte nach den curricularen Vorgaben das Gleiten auf Eis erprobt werden.<\/p>\n\n\n<div class=\"wp-block-image\">\n<figure class=\"alignright size-full\"><img loading=\"lazy\" decoding=\"async\" width=\"500\" height=\"375\" src=\"https:\/\/www.gymbrv.de\/wp-content\/uploads\/2023\/12\/231214.jpg\" alt=\"\" class=\"wp-image-3789\" srcset=\"https:\/\/www.gymbrv.de\/wp-content\/uploads\/2023\/12\/231214.jpg 500w, https:\/\/www.gymbrv.de\/wp-content\/uploads\/2023\/12\/231214-300x225.jpg 300w, https:\/\/www.gymbrv.de\/wp-content\/uploads\/2023\/12\/231214-100x75.jpg 100w\" sizes=\"(max-width: 500px) 100vw, 500px\" \/><\/figure><\/div>\n\n\n<p>Aufgrund eines starken Wintereinbruchs mit Schnee und Gl\u00e4tte startete der Zug mit einer Stunde Versp\u00e4tung in Bremerv\u00f6rde. In der Zeit wurden Schneem\u00e4nner und -frauen gebaut.<\/p>\n\n\n\n<p>Nach dem Ausleihen der Schlittschuhe begaben sich die Sch\u00fclerinnen und Sch\u00fcler auf die Eisfl\u00e4che, die komplett dem Gymnasium Bremerv\u00f6rde zur Verf\u00fcgung stand. Einige waren schon richtige Profis und andere wagten sich vorsichtig und das erste Mal \u00fcberhaupt auf die glatte Eisfl\u00e4che. Nun hie\u00df es Gleichgewicht halten und sicher \u00fcber das Eis zu gleiten. Alle Sch\u00fclerinnen und Sch\u00fcler machten gro\u00dfe Fortschritte, fuhren in Schlangen, r\u00fcckw\u00e4rts oder drehten erste Pirouetten und w\u00e4ren gerne noch l\u00e4nger geblieben. Doch die Ansage der Eishalle erinnerte an das Ende der Eislaufzeit.<\/p>\n\n\n\n<p>Gl\u00fccklich \u00fcber das Erlebnis wurde Bremerv\u00f6rde erreicht.<\/p>\n","protected":false},"excerpt":{"rendered":"<p>Der gesamte 7. Jahrgang fuhr am Dienstag, den 5.12.23 in die Eissporthalle Harsefeld. Es sollte nach den curricularen Vorgaben das Gleiten auf Eis erprobt werden.<\/p>\n","protected":false},"author":1,"featured_media":3790,"comment_status":"closed","ping_status":"open","sticky":false,"template":"","format":"standard","meta":{"footnotes":""},"categories":[4],"tags":[],"_links":{"self":[{"href":"https:\/\/www.gymbrv.de\/index.php\/wp-json\/wp\/v2\/posts\/3788"}],"collection":[{"href":"https:\/\/www.gymbrv.de\/index.php\/wp-json\/wp\/v2\/posts"}],"about":[{"href":"https:\/\/www.gymbrv.de\/index.php\/wp-json\/wp\/v2\/types\/post"}],"author":[{"embeddable":true,"href":"https:\/\/www.gymbrv.de\/index.php\/wp-json\/wp\/v2\/users\/1"}],"replies":[{"embeddable":true,"href":"https:\/\/www.gymbrv.de\/index.php\/wp-json\/wp\/v2\/comments?post=3788"}],"version-history":[{"count":1,"href":"https:\/\/www.gymbrv.de\/index.php\/wp-json\/wp\/v2\/posts\/3788\/revisions"}],"predecessor-version":[{"id":3791,"href":"https:\/\/www.gymbrv.de\/index.php\/wp-json\/wp\/v2\/posts\/3788\/revisions\/3791"}],"wp:featuredmedia":[{"embeddable":true,"href":"https:\/\/www.gymbrv.de\/index.php\/wp-json\/wp\/v2\/media\/3790"}],"wp:attachment":[{"href":"https:\/\/www.gymbrv.de\/index.php\/wp-json\/wp\/v2\/media?parent=3788"}],"wp:term":[{"taxonomy":"category","embeddable":true,"href":"https:\/\/www.gymbrv.de\/index.php\/wp-json\/wp\/v2\/categories?post=3788"},{"taxonomy":"post_tag","embeddable":true,"href":"https:\/\/www.gymbrv.de\/index.php\/wp-json\/wp\/v2\/tags?post=3788"}],"curies":[{"name":"wp","href":"https:\/\/api.w.org\/{rel}","templated":true}]}}