{"id":385,"date":"2020-04-17T14:08:39","date_gmt":"2020-04-17T12:08:39","guid":{"rendered":"https:\/\/www.gymbrv.de\/?p=385"},"modified":"2021-02-21T13:44:51","modified_gmt":"2021-02-21T12:44:51","slug":"erfassung-der-digitalen-ausstattung","status":"publish","type":"post","link":"https:\/\/www.gymbrv.de\/index.php\/2020\/04\/17\/erfassung-der-digitalen-ausstattung\/","title":{"rendered":"Erfassung der digitalen Ausstattung"},"content":{"rendered":"\n<p>Sehr geehrte Eltern und Erziehungsberechtigte,<\/p>\n\n\n\n<p>um in den kommenden\nTagen einen \u201eDigitalen Unterricht\u201c durchzuf\u00fchren, m\u00fcssen wir\nzun\u00e4chst die Rahmenbedingungen kl\u00e4ren und die M\u00f6glichkeiten\nunserer Sch\u00fclerinnen und Sch\u00fcler erfassen. Hierzu steht ihrem Kind\nin IServ das Modul \u201eAusstattung\u201c zur Verf\u00fcgung.<\/p>\n\n\n\n<p>Bitte tragen Sie\nSorge daf\u00fcr, dass die hier erfassten Angaben m\u00f6glichst umgehend\ngemacht werden \u2013 bei Geschwistern von jedem Kind einzeln.<\/p>\n\n\n\n<p>Die gemachten\nAngaben stehen nur der Schulleitung sowie anonymisiert den Klassen-\nund Fachlehrer\/innen zur Verf\u00fcgung. Sie werden an keinen Dritten\nweitergegeben.<\/p>\n\n\n\n<p>Sollten keine\nAngaben gemacht werden, werden sich Anfang der kommenden Woche die\nKlassenlehrer\/innen mit Ihnen und\/oder Ihren Kindern telefonisch in\nVerbindung setzen.<\/p>\n\n\n\n<p>Mit freundlichen Gr\u00fc\u00dfen<br>(Erweiterte Schulleitung)<\/p>\n\n\n\n<p><\/p>\n","protected":false},"excerpt":{"rendered":"<p>Um in den kommenden Tagen einen \u201eDigitalen Unterricht\u201c durchzuf\u00fchren, m\u00fcssen wir zun\u00e4chst die Rahmenbedingungen kl\u00e4ren und die M\u00f6glichkeiten unserer Sch\u00fclerinnen und Sch\u00fcler erfassen. Hierzu steht ihrem Kind in IServ das Modul \u201eAusstattung\u201c zur Verf\u00fcgung.<\/p>\n","protected":false},"author":1,"featured_media":0,"comment_status":"closed","ping_status":"open","sticky":false,"template":"","format":"standard","meta":{"footnotes":""},"categories":[1,6],"tags":[],"_links":{"self":[{"href":"https:\/\/www.gymbrv.de\/index.php\/wp-json\/wp\/v2\/posts\/385"}],"collection":[{"href":"https:\/\/www.gymbrv.de\/index.php\/wp-json\/wp\/v2\/posts"}],"about":[{"href":"https:\/\/www.gymbrv.de\/index.php\/wp-json\/wp\/v2\/types\/post"}],"author":[{"embeddable":true,"href":"https:\/\/www.gymbrv.de\/index.php\/wp-json\/wp\/v2\/users\/1"}],"replies":[{"embeddable":true,"href":"https:\/\/www.gymbrv.de\/index.php\/wp-json\/wp\/v2\/comments?post=385"}],"version-history":[{"count":2,"href":"https:\/\/www.gymbrv.de\/index.php\/wp-json\/wp\/v2\/posts\/385\/revisions"}],"predecessor-version":[{"id":387,"href":"https:\/\/www.gymbrv.de\/index.php\/wp-json\/wp\/v2\/posts\/385\/revisions\/387"}],"wp:attachment":[{"href":"https:\/\/www.gymbrv.de\/index.php\/wp-json\/wp\/v2\/media?parent=385"}],"wp:term":[{"taxonomy":"category","embeddable":true,"href":"https:\/\/www.gymbrv.de\/index.php\/wp-json\/wp\/v2\/categories?post=385"},{"taxonomy":"post_tag","embeddable":true,"href":"https:\/\/www.gymbrv.de\/index.php\/wp-json\/wp\/v2\/tags?post=385"}],"curies":[{"name":"wp","href":"https:\/\/api.w.org\/{rel}","templated":true}]}}