{"id":3879,"date":"2024-02-22T08:58:25","date_gmt":"2024-02-22T07:58:25","guid":{"rendered":"https:\/\/www.gymbrv.de\/?p=3879"},"modified":"2024-02-22T08:58:25","modified_gmt":"2024-02-22T07:58:25","slug":"spontaner-souveraener-auftritt","status":"publish","type":"post","link":"https:\/\/www.gymbrv.de\/index.php\/2024\/02\/22\/spontaner-souveraener-auftritt\/","title":{"rendered":"Spontaner souver\u00e4ner Auftritt"},"content":{"rendered":"\n<p>Am Donnerstag, den 08. Februar 2024 fand der Bezirksentscheid \u201eJugend trainiert f\u00fcr Olympia\u201c Turnen in Winsen\/Roydorf statt. Auch das Gymnasium Bremerv\u00f6rde ging mit einer Mannschaft von f\u00fcnf M\u00e4dchen in der Wettkampfklasse IV. an den Start. W\u00e4hrend im letzten Vorbereitungstraining noch alles gut einstudiert schien, sorgte die Krankmeldung von Sophie Tiedemann am Vorabend f\u00fcr eine gewisse Unklarheit, \u00fcberhaupt an den Start gehen zu k\u00f6nnen, denn laut Ausschreibung m\u00fcssen f\u00fcnf M\u00e4dchen an den Start gehen, anderenfalls ist mit gr\u00f6\u00dferen Punktabz\u00fcgen zu rechnen. Ganz spontan erkl\u00e4rte sich die Siebtkl\u00e4sslerin Rieke Stanze (Jg. 2011) bereit, das Team des Gymnasiums Bremerv\u00f6rde zu unterst\u00fctzen, sodass die Mannschaft um Laura Grude (Jg. 2011), Lisa von Helldorff (Jg. 2011), Anna von Helldorff (Jg. 2012) sowie Lilou Beckmann (Jg. 2013) an den Start gehen konnte.<\/p>\n\n\n<div class=\"wp-block-image\">\n<figure class=\"alignright size-full\"><img loading=\"lazy\" decoding=\"async\" width=\"400\" height=\"300\" src=\"https:\/\/www.gymbrv.de\/wp-content\/uploads\/2024\/02\/JtfO_2024.jpg\" alt=\"\" class=\"wp-image-3880\" srcset=\"https:\/\/www.gymbrv.de\/wp-content\/uploads\/2024\/02\/JtfO_2024.jpg 400w, https:\/\/www.gymbrv.de\/wp-content\/uploads\/2024\/02\/JtfO_2024-300x225.jpg 300w, https:\/\/www.gymbrv.de\/wp-content\/uploads\/2024\/02\/JtfO_2024-100x75.jpg 100w\" sizes=\"(max-width: 400px) 100vw, 400px\" \/><\/figure><\/div>\n\n\n<p>Im Vordergrund der Wettkampfklasse IV. steht die Pr\u00e4sentation von verschiedenen turnerischen \u00dcbungen an den Ger\u00e4ten Schwebebalken, Parallelbarren, Reck, Boden und Bock sowie das Synchronturnen. Zus\u00e4tzlich legten die Sch\u00fclerinnen Pr\u00fcfungen im Stangenklettern, Standweitsprung beziehungsweise Staffellauf ab. Insgesamt handelt es sich um einen sehr vielseitigen und anspruchsvollen Wettkampf, der den Sportlerinnen eine Mischung aus Beweglichkeit, K\u00f6rperspannung, Kraft und Koordination abverlangt. Trotz neuer Teamzusammensetzung zeigten sich Laura, Lisa, Anna, Lilou und Rieke souver\u00e4n in ihren einzelnen \u00dcbungen und unterst\u00fctzten sich gegenseitig. Insbesondere Lilou Beckmann zeigte besonderen Ehrgeiz und Kameradschaft, die sich trotz einer Verletzung beim Einturnen tapfer und willensstark im Wettk\u00e4mpf pr\u00e4sentierte.<\/p>\n\n\n\n<p>Neben dem Gymnasium Bremerv\u00f6rde gingen weitere f\u00fcnf Teams in der Wettkampfklasse IV. an den Start. Dazu z\u00e4hlten das Gymnasium am Kattenberge, das Gymnasium Meckelfeld, die KGS Schneverdingen, die KGS Waldschule Schwanewede und die KGS Schwarmstedt. Letztendlich erreichte die Mannschaft hinter dem Gymnasium am Kattenberge einen erfolgreichen zweiten Platz. Begleitet wurden Laura, Lisa, Anna, Lilou und Rieke von den Lehrerinnen Katharina Radtke und Jette Michaelis.<\/p>\n","protected":false},"excerpt":{"rendered":"<p>Sch\u00fclerinnen des Gymnasiums Bremerv\u00f6rde erreichen den 2. Platz beim Bezirksentscheid \u201eJugend trainiert f\u00fcr Olympia\u201c Turnen (WK IV)<\/p>\n","protected":false},"author":1,"featured_media":3880,"comment_status":"closed","ping_status":"open","sticky":false,"template":"","format":"standard","meta":{"footnotes":""},"categories":[4],"tags":[],"_links":{"self":[{"href":"https:\/\/www.gymbrv.de\/index.php\/wp-json\/wp\/v2\/posts\/3879"}],"collection":[{"href":"https:\/\/www.gymbrv.de\/index.php\/wp-json\/wp\/v2\/posts"}],"about":[{"href":"https:\/\/www.gymbrv.de\/index.php\/wp-json\/wp\/v2\/types\/post"}],"author":[{"embeddable":true,"href":"https:\/\/www.gymbrv.de\/index.php\/wp-json\/wp\/v2\/users\/1"}],"replies":[{"embeddable":true,"href":"https:\/\/www.gymbrv.de\/index.php\/wp-json\/wp\/v2\/comments?post=3879"}],"version-history":[{"count":1,"href":"https:\/\/www.gymbrv.de\/index.php\/wp-json\/wp\/v2\/posts\/3879\/revisions"}],"predecessor-version":[{"id":3881,"href":"https:\/\/www.gymbrv.de\/index.php\/wp-json\/wp\/v2\/posts\/3879\/revisions\/3881"}],"wp:featuredmedia":[{"embeddable":true,"href":"https:\/\/www.gymbrv.de\/index.php\/wp-json\/wp\/v2\/media\/3880"}],"wp:attachment":[{"href":"https:\/\/www.gymbrv.de\/index.php\/wp-json\/wp\/v2\/media?parent=3879"}],"wp:term":[{"taxonomy":"category","embeddable":true,"href":"https:\/\/www.gymbrv.de\/index.php\/wp-json\/wp\/v2\/categories?post=3879"},{"taxonomy":"post_tag","embeddable":true,"href":"https:\/\/www.gymbrv.de\/index.php\/wp-json\/wp\/v2\/tags?post=3879"}],"curies":[{"name":"wp","href":"https:\/\/api.w.org\/{rel}","templated":true}]}}