{"id":389,"date":"2020-04-19T23:08:20","date_gmt":"2020-04-19T21:08:20","guid":{"rendered":"https:\/\/www.gymbrv.de\/?p=389"},"modified":"2021-02-21T13:44:51","modified_gmt":"2021-02-21T12:44:51","slug":"wiederbeginn-des-unterrichts","status":"publish","type":"post","link":"https:\/\/www.gymbrv.de\/index.php\/2020\/04\/19\/wiederbeginn-des-unterrichts\/","title":{"rendered":"Wiederbeginn des Unterrichts"},"content":{"rendered":"\n<p>am Donnerstag, 16.04.2020 hat das nieders\u00e4chsische Bildungsministerium den Leitfaden &#8222;Schule in Corona-Zeiten&#8220; ver\u00f6ffentlicht (<em>siehe Link am Ende<\/em>), der detaillierte Informationen \u00fcber den Wiederbeginn des Unterrichts der einzelnen Jahrg\u00e4nge ausweist. Damit Sie \/ ihr alle eindeutig wisst, wann der Unterricht wieder startet und wie in der Zukunft mit dem Home-Schooling verfahren wird, geben wir die entsprechenden Termine und entsprechenden Informationen im Rahmen dieser Mail bekannt:<\/p>\n\n\n\n<p><em>Phase A<\/em> hat f\u00fcr uns keine Bedeutung, weil wir keinen Abiturjahrgang haben und in den Jahrg\u00e4ngen 9 und 10 keine Abschlussarbeiten am Gymnasium geschrieben werden.<\/p>\n\n\n\n<p>In<em> Phase B<\/em> wird der <strong>12. Jahrgang am Montag, 11. 05.2020<\/strong> mit dem Unterricht starten, die <strong>Jahrg\u00e4nge 9 und 10<\/strong> beginnen eine Woche sp\u00e4ter am <strong>Montag, 18.05.2020<\/strong>.<\/p>\n\n\n\n<p><em>Phase C<\/em> weist noch keine konkreten Termine aus, in dem Leitfaden steht &#8222;Ende Mai bis Anfang Juni&#8220;. F\u00fcr die <strong>Jahrg\u00e4nge 5 &#8211; 8 und 11<\/strong> liegen demnach <strong>noch keine exakten Termine vor<\/strong>! Sobald diese Termine durch das Kultusministerium festgesetzt sind, werden wir Sie \/ euch dar\u00fcber zeitnah informieren.<\/p>\n\n\n\n<p>Die entsprechenden Stundenpl\u00e4ne f\u00fcr die Jahrg\u00e4nge werden wir rechtzeitig vor den Startterminen ver\u00f6ffentlichen, wir bitten daf\u00fcr um etwas Geduld, da wir in der Unterrichtsverteilung die Kolleginnen und Kollegen ber\u00fccksichtigen m\u00fcssen, die auf Grund eines erh\u00f6hten Corona-Risikos keinen Pr\u00e4senzunterricht erteilen d\u00fcrfen.<\/p>\n\n\n\n<p>Ab <strong>Mittwoch, 22.04.2020<\/strong> werden entsprechend der Vorgaben des Kultusministeriums die <strong>gestellten Aufgaben verpflichtend<\/strong>, dass hei\u00dft, dass die <strong>Sch\u00fclerinnen und Sch\u00fcler<\/strong> die<strong> gestellten Aufgaben bearbeiten m\u00fcssen<\/strong>. F\u00fcr die <strong>Lehrkr\u00e4fte<\/strong> gilt ebenso <strong>verpflichtend<\/strong>, dass sie die<strong> Aufgaben kontrollieren<\/strong> und den <strong>Sch\u00fclerinnen und Sch\u00fclern R\u00fcckmeldungen<\/strong> \u00fcber deren <strong>Ergebnisse geben m\u00fcssen<\/strong>. Eine <strong>direkte Bewertung der Aufgaben<\/strong> ist nach wie vor <strong>nicht vorgesehen<\/strong>, allerdings k\u00f6nnen die Lehrkr\u00e4fte nach Wiederaufnahme des Unterrichts auf diese Lernleistungen im Rahmen von Tests zur\u00fcckgreifen.<\/p>\n\n\n\n<p>F\u00fcr Sch\u00fclerinnen und Sch\u00fcler, die \u00fcber keinen Internetzugang oder keinen Drucker verf\u00fcgen, werden wir die Arbeitsmaterialien in Papierform in der Schule bereithalten. Im Eingangsbereich werden dazu Tische aufgestellt, auf denen die Arbeitsmaterialien ausgelegt und abgeholt werden k\u00f6nnen. Wir bitten Sie \/ euch nochmals eindringlich, die auf IServ gestartete Umfrage bzgl. der Internetarbeitsm\u00f6glichkeiten zu Hause auszuf\u00fchren!<\/p>\n\n\n\n<p>Ab <strong>Mittwoch, 22.04.2020<\/strong> k\u00f6nnen die <strong>Lehrkr\u00e4fte<\/strong> auch \u00fcber den Schulserver IServ in den Lerngruppen <strong>&#8222;Online&#8220;-Unterrichtssequenzen<\/strong> erteilen. Die<strong> bedienungstechnischen Details<\/strong> werden durch <strong>Herrn Meisner im Sch\u00fclerforum auf IServ vorgestellt<\/strong>. Die<strong> &#8222;Online&#8220;-Zeiten<\/strong> regeln die einzelnen <strong>Lehrkr\u00e4fte individuell<\/strong> mit den jeweiligen <strong>Lerngruppen<\/strong>. Bitte beachten Sie \/ bitte beachtet die Informationen, die dazu in den Klassengruppen ver\u00f6ffentlicht werden. <\/p>\n\n\n\n<p>\u00dcber weitere Konkretisierungen der einzelnen Phasen und Abl\u00e4ufe werden wir Sie \/ euch stets auf dem Laufenden halten.<\/p>\n\n\n\n<p>Halten Sie \/ haltet durch, bleiben Sie \/ bleibt alle gesund, wir werden die Wiederaufnahme des Unterrichts und des normalen Schulbetriebs sicherlich meistern, wenn wir alle unseren Beitrag leisten, auch wenn es hier und dort vereinzelt zu kleinen Problemen kommen wird.<\/p>\n\n\n\n<p>Mit den besten W\u00fcnschen f\u00fcr Sie \/ euch<\/p>\n\n\n\n<p><em>StD Dr. Uwe Strohbach<\/em>, komm. Schulleiter am Gymnasium Bremerv\u00f6rde<\/p>\n\n\n\n<div class=\"wp-block-file\"><a href=\"https:\/\/www.gymbrv.de\/wp-content\/uploads\/2020\/04\/Leitfaden-Schule-in-Corona-Zeiten.pdf\">Leitfaden-Schule-in-Corona-Zeiten<\/a><a href=\"https:\/\/www.gymbrv.de\/wp-content\/uploads\/2020\/04\/Leitfaden-Schule-in-Corona-Zeiten.pdf\" class=\"wp-block-file__button\" download>Herunterladen<\/a><\/div>\n\n\n\n<p><\/p>\n","protected":false},"excerpt":{"rendered":"<p>Das nieders\u00e4chsische Bildungsministerium hat den Leitfaden &#8222;Schule in Corona-Zeiten&#8220; ver\u00f6ffentlicht, der detaillierte Informationen \u00fcber den Wiederbeginn des Unterrichts der einzelnen Jahrg\u00e4nge ausweist.<\/p>\n","protected":false},"author":1,"featured_media":0,"comment_status":"closed","ping_status":"open","sticky":false,"template":"","format":"standard","meta":{"footnotes":""},"categories":[1,6],"tags":[],"_links":{"self":[{"href":"https:\/\/www.gymbrv.de\/index.php\/wp-json\/wp\/v2\/posts\/389"}],"collection":[{"href":"https:\/\/www.gymbrv.de\/index.php\/wp-json\/wp\/v2\/posts"}],"about":[{"href":"https:\/\/www.gymbrv.de\/index.php\/wp-json\/wp\/v2\/types\/post"}],"author":[{"embeddable":true,"href":"https:\/\/www.gymbrv.de\/index.php\/wp-json\/wp\/v2\/users\/1"}],"replies":[{"embeddable":true,"href":"https:\/\/www.gymbrv.de\/index.php\/wp-json\/wp\/v2\/comments?post=389"}],"version-history":[{"count":1,"href":"https:\/\/www.gymbrv.de\/index.php\/wp-json\/wp\/v2\/posts\/389\/revisions"}],"predecessor-version":[{"id":391,"href":"https:\/\/www.gymbrv.de\/index.php\/wp-json\/wp\/v2\/posts\/389\/revisions\/391"}],"wp:attachment":[{"href":"https:\/\/www.gymbrv.de\/index.php\/wp-json\/wp\/v2\/media?parent=389"}],"wp:term":[{"taxonomy":"category","embeddable":true,"href":"https:\/\/www.gymbrv.de\/index.php\/wp-json\/wp\/v2\/categories?post=389"},{"taxonomy":"post_tag","embeddable":true,"href":"https:\/\/www.gymbrv.de\/index.php\/wp-json\/wp\/v2\/tags?post=389"}],"curies":[{"name":"wp","href":"https:\/\/api.w.org\/{rel}","templated":true}]}}