{"id":3897,"date":"2024-03-03T12:02:12","date_gmt":"2024-03-03T11:02:12","guid":{"rendered":"https:\/\/www.gymbrv.de\/?p=3897"},"modified":"2024-03-03T12:19:32","modified_gmt":"2024-03-03T11:19:32","slug":"tag-der-offenen-tuer-fuer-die-neuen-fuenften-klassen","status":"publish","type":"post","link":"https:\/\/www.gymbrv.de\/index.php\/2024\/03\/03\/tag-der-offenen-tuer-fuer-die-neuen-fuenften-klassen\/","title":{"rendered":"&#8222;Tag der offenen T\u00fcr&#8220; f\u00fcr die Eltern der &#8222;neuen f\u00fcnften Klassen&#8220;"},"content":{"rendered":"\n<p>F\u00fcr alle interessierten Eltern der &#8222;neuen f\u00fcnften Klassen&#8220; wird im Rahmen des Tages der offenen T\u00fcr am<\/p>\n\n\n\n<p class=\"has-text-align-center\">Mittwoch, den 6. M\u00e4rz 2024 <br>ab 16:30 Uhr in der Campus-Mensa<\/p>\n\n\n\n<p>eine Informationsveranstaltung angeboten.<\/p>\n\n\n\n<p>Ab <strong>16:30 Uhr<\/strong> besteht die M\u00f6glichkeit, sich \u00fcber die <strong>Bl\u00e4serklasse<\/strong> ab Klasse 5, sowie \u00fcber die <strong>zweite Fremdsprache<\/strong> ab Klasse 6 (Franz\u00f6sisch\/Latein) zu informieren.<\/p>\n\n\n\n<p>Der <strong>Schulleiter<\/strong>, Herr Dr. Strohbach, informiert ab <strong>17:00 Uhr<\/strong> \u00fcber die Schule.<\/p>\n\n\n\n<p>Auch anschlie\u00dfend stehen Lehrer\/innen f\u00fcr Gespr\u00e4che zur Verf\u00fcgung. Die Informationsveranstaltung <strong>endet um 18:00 Uhr<\/strong>.<\/p>\n","protected":false},"excerpt":{"rendered":"<p>F\u00fcr alle interessierten Eltern wird am 06.03.24 ein Tag der offenen T\u00fcr angeboten.<\/p>\n","protected":false},"author":1,"featured_media":0,"comment_status":"closed","ping_status":"open","sticky":false,"template":"","format":"standard","meta":{"footnotes":""},"categories":[6],"tags":[],"_links":{"self":[{"href":"https:\/\/www.gymbrv.de\/index.php\/wp-json\/wp\/v2\/posts\/3897"}],"collection":[{"href":"https:\/\/www.gymbrv.de\/index.php\/wp-json\/wp\/v2\/posts"}],"about":[{"href":"https:\/\/www.gymbrv.de\/index.php\/wp-json\/wp\/v2\/types\/post"}],"author":[{"embeddable":true,"href":"https:\/\/www.gymbrv.de\/index.php\/wp-json\/wp\/v2\/users\/1"}],"replies":[{"embeddable":true,"href":"https:\/\/www.gymbrv.de\/index.php\/wp-json\/wp\/v2\/comments?post=3897"}],"version-history":[{"count":7,"href":"https:\/\/www.gymbrv.de\/index.php\/wp-json\/wp\/v2\/posts\/3897\/revisions"}],"predecessor-version":[{"id":3908,"href":"https:\/\/www.gymbrv.de\/index.php\/wp-json\/wp\/v2\/posts\/3897\/revisions\/3908"}],"wp:attachment":[{"href":"https:\/\/www.gymbrv.de\/index.php\/wp-json\/wp\/v2\/media?parent=3897"}],"wp:term":[{"taxonomy":"category","embeddable":true,"href":"https:\/\/www.gymbrv.de\/index.php\/wp-json\/wp\/v2\/categories?post=3897"},{"taxonomy":"post_tag","embeddable":true,"href":"https:\/\/www.gymbrv.de\/index.php\/wp-json\/wp\/v2\/tags?post=3897"}],"curies":[{"name":"wp","href":"https:\/\/api.w.org\/{rel}","templated":true}]}}