{"id":3937,"date":"2024-03-14T19:11:51","date_gmt":"2024-03-14T18:11:51","guid":{"rendered":"https:\/\/www.gymbrv.de\/?p=3937"},"modified":"2024-03-14T19:11:51","modified_gmt":"2024-03-14T18:11:51","slug":"klassenfahrt-9a-segeltoern-ijsselmeer","status":"publish","type":"post","link":"https:\/\/www.gymbrv.de\/index.php\/2024\/03\/14\/klassenfahrt-9a-segeltoern-ijsselmeer\/","title":{"rendered":"Klassenfahrt 9a (Segelt\u00f6rn Ijsselmeer)"},"content":{"rendered":"<div class=\"wp-block-image\">\n<figure class=\"alignright size-full\"><img loading=\"lazy\" decoding=\"async\" width=\"400\" height=\"295\" src=\"https:\/\/www.gymbrv.de\/wp-content\/uploads\/2024\/03\/b1.jpg\" alt=\"\" class=\"wp-image-3938\" srcset=\"https:\/\/www.gymbrv.de\/wp-content\/uploads\/2024\/03\/b1.jpg 400w, https:\/\/www.gymbrv.de\/wp-content\/uploads\/2024\/03\/b1-300x221.jpg 300w, https:\/\/www.gymbrv.de\/wp-content\/uploads\/2024\/03\/b1-100x75.jpg 100w\" sizes=\"(max-width: 400px) 100vw, 400px\" \/><\/figure><\/div>\n\n\n<p>Am 03.03.2024 ging es los: Abfahrt am Parkplatz vom Gymnasium Bremerv\u00f6rde um 14:30. Nach einer ca. 5st\u00fcndigen Busfahrt und einer 30min\u00fctigen Pause kamen wir endlich in Makkum an, wo wir dann aufs Segelschiff stiegen. Anfangs waren viele Mitsch\u00fcler skeptisch (aufgrund der kleinen R\u00e4umlichkeiten), doch diese Skepsis legte sich schon nach den ersten Stunden an Board. Wir erlebten viel und hatten eine gro\u00dfartige Klassenfahrt.<\/p>\n\n\n<div class=\"wp-block-image\">\n<figure class=\"alignleft size-full\"><img loading=\"lazy\" decoding=\"async\" width=\"400\" height=\"297\" src=\"https:\/\/www.gymbrv.de\/wp-content\/uploads\/2024\/03\/c1.jpg\" alt=\"\" class=\"wp-image-3939\" srcset=\"https:\/\/www.gymbrv.de\/wp-content\/uploads\/2024\/03\/c1.jpg 400w, https:\/\/www.gymbrv.de\/wp-content\/uploads\/2024\/03\/c1-300x223.jpg 300w, https:\/\/www.gymbrv.de\/wp-content\/uploads\/2024\/03\/c1-100x75.jpg 100w\" sizes=\"(max-width: 400px) 100vw, 400px\" \/><\/figure><\/div>\n\n\n<p>Der Montag startete mit M\u00fcsli und wurde mit einer sehr langen und sonnigen Segeltour nach Enkuizen fortgesetzt. Dort konnten wir abends noch einkaufen und der Tag endete mit viel und lauter Musik. Am Dienstag stand dann die gro\u00dfe Fahrt nach Amsterdam an, wo man viel einkaufen und entdecken konnte, z.b. den Palast oder auch das einzigartige Rotlichtviertel. Der Abend wurde dann wieder in Enkuizen verbracht und trotz eines ausgefallenen Filmeabends klang der Tag noch mit ein paar Gesellschaftsspielen aus. Der Mittwoch startete mit einem Einkauf und Fahrt nach Medemblik. Nach grausamen Nudeln und jedoch einer sehr guten Tomatenso\u00dfe kamen wir schon sehr fr\u00fch an und konnten viel Zeit dort verbringen. Donnerstag ging es bei sehr viel Wind und hohen Wellen wieder nach Makkum zur\u00fcck und Freitag stand dann die Fahrt in die Heimat an. Abschlie\u00dfend war es eine sehr gelungene Klassenfahrt, wo man viele Mitsch\u00fcler besser kennengelernt hat und viel Spa\u00df hatte.<\/p>\n","protected":false},"excerpt":{"rendered":"<p>Am 03.03.2024 ging es los: Abfahrt am Parkplatz vom Gymnasium Bremerv\u00f6rde. Nach einer ca. 5st\u00fcndigen Busfahrt kamen wir endlich in Makkum an.<\/p>\n","protected":false},"author":1,"featured_media":3939,"comment_status":"closed","ping_status":"open","sticky":false,"template":"","format":"standard","meta":{"footnotes":""},"categories":[4],"tags":[],"_links":{"self":[{"href":"https:\/\/www.gymbrv.de\/index.php\/wp-json\/wp\/v2\/posts\/3937"}],"collection":[{"href":"https:\/\/www.gymbrv.de\/index.php\/wp-json\/wp\/v2\/posts"}],"about":[{"href":"https:\/\/www.gymbrv.de\/index.php\/wp-json\/wp\/v2\/types\/post"}],"author":[{"embeddable":true,"href":"https:\/\/www.gymbrv.de\/index.php\/wp-json\/wp\/v2\/users\/1"}],"replies":[{"embeddable":true,"href":"https:\/\/www.gymbrv.de\/index.php\/wp-json\/wp\/v2\/comments?post=3937"}],"version-history":[{"count":1,"href":"https:\/\/www.gymbrv.de\/index.php\/wp-json\/wp\/v2\/posts\/3937\/revisions"}],"predecessor-version":[{"id":3940,"href":"https:\/\/www.gymbrv.de\/index.php\/wp-json\/wp\/v2\/posts\/3937\/revisions\/3940"}],"wp:featuredmedia":[{"embeddable":true,"href":"https:\/\/www.gymbrv.de\/index.php\/wp-json\/wp\/v2\/media\/3939"}],"wp:attachment":[{"href":"https:\/\/www.gymbrv.de\/index.php\/wp-json\/wp\/v2\/media?parent=3937"}],"wp:term":[{"taxonomy":"category","embeddable":true,"href":"https:\/\/www.gymbrv.de\/index.php\/wp-json\/wp\/v2\/categories?post=3937"},{"taxonomy":"post_tag","embeddable":true,"href":"https:\/\/www.gymbrv.de\/index.php\/wp-json\/wp\/v2\/tags?post=3937"}],"curies":[{"name":"wp","href":"https:\/\/api.w.org\/{rel}","templated":true}]}}