{"id":3984,"date":"2024-06-17T15:10:36","date_gmt":"2024-06-17T13:10:36","guid":{"rendered":"https:\/\/www.gymbrv.de\/?p=3984"},"modified":"2024-06-17T15:10:36","modified_gmt":"2024-06-17T13:10:36","slug":"sommerkonzert-des-gymnasiums-bremervoerde","status":"publish","type":"post","link":"https:\/\/www.gymbrv.de\/index.php\/2024\/06\/17\/sommerkonzert-des-gymnasiums-bremervoerde\/","title":{"rendered":"Sommerkonzert des Gymnasiums Bremerv\u00f6rde"},"content":{"rendered":"\n<p>Bremerv\u00f6rder Zeitung, 12.06.2024<\/p>\n\n\n<div class=\"wp-block-image\">\n<figure class=\"alignleft size-full\"><img loading=\"lazy\" decoding=\"async\" width=\"400\" height=\"285\" src=\"https:\/\/www.gymbrv.de\/wp-content\/uploads\/2024\/06\/bild.jpg\" alt=\"\" class=\"wp-image-3985\" srcset=\"https:\/\/www.gymbrv.de\/wp-content\/uploads\/2024\/06\/bild.jpg 400w, https:\/\/www.gymbrv.de\/wp-content\/uploads\/2024\/06\/bild-300x214.jpg 300w\" sizes=\"(max-width: 400px) 100vw, 400px\" \/><\/figure><\/div>\n\n\n<p>Der Fachbereich Musik des Gymnasiums Bremerv\u00f6rde l\u00e4dt am Montag, 17. Juni, wieder zum Sommerkonzert ein. Es singen und spielen der Schulchor, die Bl\u00e4serklassen 5, 6 und 7, die Gitarren-AG, das Jugendorchester sowie kleinere Ensembles und Solisten.<\/p>\n\n\n\n<p>Das Konzert beginnt um 19 Uhr und findet in der Mensa des Schulcampus\u2018 statt. F\u00fcr das leibliche Wohl sorgt der 12. Jahrgang. Der Eintritt ist wie immer frei. Wem es gefallen hat, kann hinterher die Arbeit der engagierten jungen Musikerinnen und Musiker mit einer Spende unterst\u00fctzen.<\/p>\n\n\n\n<div class=\"wp-block-file\"><a href=\"https:\/\/www.gymbrv.de\/wp-content\/uploads\/2024\/06\/bz240612.pdf\" class=\"wp-block-file__button wp-element-button\" download>PDF herunterladen<\/a><\/div>\n","protected":false},"excerpt":{"rendered":"<p>Der Fachbereich Musik des Gymnasiums Bremerv\u00f6rde l\u00e4dt am Montag, 17. Juni, wieder zum Sommerkonzert ein.<\/p>\n","protected":false},"author":1,"featured_media":3985,"comment_status":"closed","ping_status":"open","sticky":false,"template":"","format":"standard","meta":{"footnotes":""},"categories":[5],"tags":[],"_links":{"self":[{"href":"https:\/\/www.gymbrv.de\/index.php\/wp-json\/wp\/v2\/posts\/3984"}],"collection":[{"href":"https:\/\/www.gymbrv.de\/index.php\/wp-json\/wp\/v2\/posts"}],"about":[{"href":"https:\/\/www.gymbrv.de\/index.php\/wp-json\/wp\/v2\/types\/post"}],"author":[{"embeddable":true,"href":"https:\/\/www.gymbrv.de\/index.php\/wp-json\/wp\/v2\/users\/1"}],"replies":[{"embeddable":true,"href":"https:\/\/www.gymbrv.de\/index.php\/wp-json\/wp\/v2\/comments?post=3984"}],"version-history":[{"count":1,"href":"https:\/\/www.gymbrv.de\/index.php\/wp-json\/wp\/v2\/posts\/3984\/revisions"}],"predecessor-version":[{"id":3987,"href":"https:\/\/www.gymbrv.de\/index.php\/wp-json\/wp\/v2\/posts\/3984\/revisions\/3987"}],"wp:featuredmedia":[{"embeddable":true,"href":"https:\/\/www.gymbrv.de\/index.php\/wp-json\/wp\/v2\/media\/3985"}],"wp:attachment":[{"href":"https:\/\/www.gymbrv.de\/index.php\/wp-json\/wp\/v2\/media?parent=3984"}],"wp:term":[{"taxonomy":"category","embeddable":true,"href":"https:\/\/www.gymbrv.de\/index.php\/wp-json\/wp\/v2\/categories?post=3984"},{"taxonomy":"post_tag","embeddable":true,"href":"https:\/\/www.gymbrv.de\/index.php\/wp-json\/wp\/v2\/tags?post=3984"}],"curies":[{"name":"wp","href":"https:\/\/api.w.org\/{rel}","templated":true}]}}