{"id":3993,"date":"2024-07-19T16:27:16","date_gmt":"2024-07-19T14:27:16","guid":{"rendered":"https:\/\/www.gymbrv.de\/?p=3993"},"modified":"2024-07-19T16:27:16","modified_gmt":"2024-07-19T14:27:16","slug":"sieger-der-herzen-beim-landesfinale","status":"publish","type":"post","link":"https:\/\/www.gymbrv.de\/index.php\/2024\/07\/19\/sieger-der-herzen-beim-landesfinale\/","title":{"rendered":"&#8222;Sieger der Herzen&#8220; beim Landesfinale"},"content":{"rendered":"\n<p>Bremerv\u00f6rder Leichtathletik-Team belegt in Braunschweig mit Bestleistungen Platz 4<\/p>\n\n\n<div class=\"wp-block-image\">\n<figure class=\"alignleft size-full\"><img loading=\"lazy\" decoding=\"async\" width=\"367\" height=\"300\" src=\"https:\/\/www.gymbrv.de\/wp-content\/uploads\/2024\/07\/01.jpg\" alt=\"\" class=\"wp-image-3994\" srcset=\"https:\/\/www.gymbrv.de\/wp-content\/uploads\/2024\/07\/01.jpg 367w, https:\/\/www.gymbrv.de\/wp-content\/uploads\/2024\/07\/01-300x245.jpg 300w\" sizes=\"(max-width: 367px) 100vw, 367px\" \/><\/figure><\/div>\n\n\n<p>Nach dem Bezirksfinalssieg unter widrigen Wetterbedingungen in Harsefeld hatte sich die Leichtathletik-Mixed-Schulmannschaft der Wettkampfklasse III im Bundeswettbewerb \u201eJugend trainiert f\u00fcr Olympia\u201c am 11. Juni auf den Weg zum Landesfinale in Braunschweig gemacht. Wegen der langen Anreise und des fr\u00fchen Wettkampfbeginns am 12. Juni durfte die Gruppe im Jugendg\u00e4stehaus Wolfenb\u00fcttel \u00fcbernachten, um ausgeschlafen an den Start zu gehen.<\/p>\n\n\n\n<p>In den Disziplinen 75-Meter-Lauf, Weit- und Hochsprung, 200-g-Ballwurf, Kugelsto\u00dfen, 800-Meter-Lauf und 4-x-75-Meter Staffel gab es jeweils zwei Startpl\u00e4tze f\u00fcr Jungen und zwei f\u00fcr M\u00e4dchen, wobei die Leistung des besten Jungen und das besten M\u00e4dchens gewertet wurden. Dementsprechend musste auch die Staffel aus zwei Jungen und zwei M\u00e4dchen bestehen.<\/p>\n\n\n<div class=\"wp-block-image\">\n<figure class=\"alignright size-full\"><img loading=\"lazy\" decoding=\"async\" width=\"369\" height=\"300\" src=\"https:\/\/www.gymbrv.de\/wp-content\/uploads\/2024\/07\/02.jpg\" alt=\"\" class=\"wp-image-3995\" srcset=\"https:\/\/www.gymbrv.de\/wp-content\/uploads\/2024\/07\/02.jpg 369w, https:\/\/www.gymbrv.de\/wp-content\/uploads\/2024\/07\/02-300x244.jpg 300w\" sizes=\"(max-width: 369px) 100vw, 369px\" \/><figcaption class=\"wp-element-caption\">800-m-Einlauf: Jonte als Zweiter mit herausragender Zeit<\/figcaption><\/figure><\/div>\n\n\n<p>Das Bremerv\u00f6rder Team war hoch motiviert und zeigte zahlreiche Best- und geschlossene Mannschaftsleistungen. Besonders herausragend waren Marit Hinck (4,85 m im Weitsprung), Stine Wittich (1,56 m im Hochsprung) und Jonte Riggers (5,33 m im Weitsprung sowie 2:14 min im 800-Meter-Lauf).<\/p>\n\n\n\n<p>Jeder der Mitbewerber aus den drei anderen ehemaligen Regierungsbezirken um die begehrten Tickets f\u00fcr das Bundesfinale in Berlin hatte jedoch auch bemerkenswerte Einzelleistungen zu verzeichnen, und so wurde das Gymnasium Bremerv\u00f6rde am Ende \u201eSieger der Herzen\u201c, hinter dem Copernicus-Gymnasium L\u00f6ningen, dem Gymnasium Sarstedt und dem Wilhelm-Gymnasium Braunschweig. Etwas m\u00fcde, aber trotzdem gut gelaunt traten neben den bereits genannten Athleten Lotta Brockm\u00fcller, Luk Deppe, Yohannes Himmert, Cruz Jacobsen, Marlon Klar, Julia Lust, Elisa Schr\u00f6der und Hanna Sittinger in den zwei von ihren Lehrkr\u00e4ften Marian Bassen und Tanja Bladauski gesteuerten Kleinbussen die Heimreise an.<\/p>\n\n\n<div class=\"wp-block-image\">\n<figure class=\"alignleft size-full\"><img loading=\"lazy\" decoding=\"async\" width=\"403\" height=\"300\" src=\"https:\/\/www.gymbrv.de\/wp-content\/uploads\/2024\/07\/03.jpg\" alt=\"\" class=\"wp-image-3996\" srcset=\"https:\/\/www.gymbrv.de\/wp-content\/uploads\/2024\/07\/03.jpg 403w, https:\/\/www.gymbrv.de\/wp-content\/uploads\/2024\/07\/03-300x223.jpg 300w, https:\/\/www.gymbrv.de\/wp-content\/uploads\/2024\/07\/03-100x75.jpg 100w\" sizes=\"(max-width: 403px) 100vw, 403px\" \/><figcaption class=\"wp-element-caption\">Stine beim Hochsprung<\/figcaption><\/figure><\/div>\n\n\n<p>Zum Abschluss gab es unterwegs zur Belohnung noch einen gemeinsamen Verpflegungshalt auf Kosten der Lehrer, darunter auch \u201eChefcoach\u201c Ulrike Kahrs &#8211; die am Landesfinaltag allerdings bei der EM in Rom weilte und daher leider nur per Messenger zu den starken Leistungen gratulieren konnte.<\/p>\n\n\n\n<p><\/p>\n","protected":false},"excerpt":{"rendered":"<p>Bremerv\u00f6rder Leichtathletik-Team belegt in Braunschweig mit Bestleistungen Platz 4<\/p>\n","protected":false},"author":1,"featured_media":3994,"comment_status":"closed","ping_status":"open","sticky":false,"template":"","format":"standard","meta":{"footnotes":""},"categories":[4],"tags":[],"_links":{"self":[{"href":"https:\/\/www.gymbrv.de\/index.php\/wp-json\/wp\/v2\/posts\/3993"}],"collection":[{"href":"https:\/\/www.gymbrv.de\/index.php\/wp-json\/wp\/v2\/posts"}],"about":[{"href":"https:\/\/www.gymbrv.de\/index.php\/wp-json\/wp\/v2\/types\/post"}],"author":[{"embeddable":true,"href":"https:\/\/www.gymbrv.de\/index.php\/wp-json\/wp\/v2\/users\/1"}],"replies":[{"embeddable":true,"href":"https:\/\/www.gymbrv.de\/index.php\/wp-json\/wp\/v2\/comments?post=3993"}],"version-history":[{"count":1,"href":"https:\/\/www.gymbrv.de\/index.php\/wp-json\/wp\/v2\/posts\/3993\/revisions"}],"predecessor-version":[{"id":3997,"href":"https:\/\/www.gymbrv.de\/index.php\/wp-json\/wp\/v2\/posts\/3993\/revisions\/3997"}],"wp:featuredmedia":[{"embeddable":true,"href":"https:\/\/www.gymbrv.de\/index.php\/wp-json\/wp\/v2\/media\/3994"}],"wp:attachment":[{"href":"https:\/\/www.gymbrv.de\/index.php\/wp-json\/wp\/v2\/media?parent=3993"}],"wp:term":[{"taxonomy":"category","embeddable":true,"href":"https:\/\/www.gymbrv.de\/index.php\/wp-json\/wp\/v2\/categories?post=3993"},{"taxonomy":"post_tag","embeddable":true,"href":"https:\/\/www.gymbrv.de\/index.php\/wp-json\/wp\/v2\/tags?post=3993"}],"curies":[{"name":"wp","href":"https:\/\/api.w.org\/{rel}","templated":true}]}}