{"id":4019,"date":"2024-08-02T13:37:08","date_gmt":"2024-08-02T11:37:08","guid":{"rendered":"https:\/\/www.gymbrv.de\/?p=4019"},"modified":"2024-08-27T09:48:14","modified_gmt":"2024-08-27T07:48:14","slug":"neuer-jahrgang-5-informationen-zum-start-am-gymnasium-bremervoerde","status":"publish","type":"post","link":"https:\/\/www.gymbrv.de\/index.php\/2024\/08\/02\/neuer-jahrgang-5-informationen-zum-start-am-gymnasium-bremervoerde\/","title":{"rendered":"Neuer Jahrgang 5: Informationen zum Start am Gymnasium Bremerv\u00f6rde"},"content":{"rendered":"\n<div class=\"wp-block-file\"><a href=\"https:\/\/www.gymbrv.de\/wp-content\/uploads\/2024\/08\/Elternbrief_5er_24_25.pdf\" class=\"wp-block-file__button wp-element-button\" download>PDF herunterladen<\/a><\/div>\n\n\n\n<p>Bremerv\u00f6rde, 02. Aug. 2024<\/p>\n\n\n\n<p>Sehr geehrte Eltern unserer Sch\u00fclerschaft im neuen Jahrgang 5,<\/p>\n\n\n\n<p>wir freuen uns, Ihre Kinder bei uns am Gymnasium Bremerv\u00f6rde begr\u00fc\u00dfen zu d\u00fcrfen!<\/p>\n\n\n\n<p>Die Grundschulzeit ist beendet und ein neuer, spannender Lebensabschnitt steht Ihren Kindern bevor. Der \u00dcbergang an unsere Schule soll durch eine Begr\u00fc\u00dfungsfeier eingel\u00e4utet werden, worauf dann die Einf\u00fchrungswoche f\u00fcr den neuen 5. Jahrgang folgt.<\/p>\n\n\n\n<p>Die grunds\u00e4tzliche Planung sieht vor, dass die Begr\u00fc\u00dfungsfeier am Montag, 05. August 2024 um 15:00 Uhr in unserer Campus-Mensa stattfinden soll. Dort werden Ihre Kinder von den Klassenleitungen der neuen 5. Klassen in Empfang genommen und erhalten von diesen einen ersten Eindruck von ihrer neuen Schule, ihrem Klassenraum und ihren neuen Mitsch\u00fclern.<\/p>\n\n\n\n<p>W\u00e4hrend die Kinder sich untereinander und ihre Klassenleitung kennenlernen, m\u00f6chten wir Sie, liebe Eltern, begr\u00fc\u00dfen und Ihnen erste wichtige Informationen zum Schulalltag zukommen lassen. Im Anschluss werden Sie Ihre Kinder in deren Klassenr\u00e4umen besuchen.<\/p>\n\n\n\n<p>Die Schulelternratsvorsitzenden Frau Itzen und Herr Kaiser werden Sie dort mit etwas Geb\u00e4ck und einem Getr\u00e4nk empfangen (Spenden sind hier willkommen). Bei diesem Ausklang gibt es die Gelegenheit f\u00fcr ein erstes pers\u00f6nliches Gespr\u00e4ch unter allen Anwesenden.<\/p>\n\n\n\n<p><strong>Wichtig:<\/strong> Bitte bringen Sie eine Tasche oder einen Rucksack mit. Ihre Kinder erhalten am Montag die Schulb\u00fccher, die Sie im Anschluss mit nach Hause nehmen k\u00f6nnen.<\/p>\n\n\n\n<p>Ab Dienstag, 06. August 2024 beginnt f\u00fcr Ihre Kinder die Einf\u00fchrungswoche. In dieser werden die Kinder die neue Schule erkunden, unsere Rituale und Regeln kennenlernen und noch viele andere Eindr\u00fccke und Erfahrungen mit nach Hause nehmen. Hierbei werden die Kinder auch von ihren Paten der 10. Klassen unterst\u00fctzt, die sie gleich zu Beginn kennenlernen werden. Die Details zum planerischen Ablauf der Einf\u00fchrungswoche erhalten Sie von den Klassenlehrkr\u00e4ften.<\/p>\n\n\n\n<p>Am ersten offiziellen Schultag (05. Aug. 2024) findet kein Unterricht f\u00fcr die neuen 5. Klassen statt. Sollten Sie eine Notbetreuung in Anspruch nehmen m\u00fcssen, melden Sie diese bitte umgehend per E-Mail (sekretariat@gymbrv.eu) an.<\/p>\n\n\n\n<p><strong>\u00dcbersicht:<\/strong><\/p>\n\n\n\n<ul>\n<li><strong>Begr\u00fc\u00dfungsfeier: Montag, 05. August 2024, 15:00 \u2013 17:00 Uhr, Mensa<\/strong><br>Am Montagvormittag findet kein Unterricht statt. Bitte eine Tasche f\u00fcr Schulb\u00fccher mitnehmen!<\/li>\n\n\n\n<li><strong>Einf\u00fchrungswoche: Ab Dienstag, 06. August 2024, 7:55 \u2013 13:15 Uhr, Klassenraum<\/strong><br>Den Raum und die Wege erfahren die Kinder bei der Begr\u00fc\u00dfung am Montag<\/li>\n<\/ul>\n\n\n\n<p>Die Lehrerschaft des Gymnasiums Bremerv\u00f6rde, und ganz besonders die Klassenleitungen 5 bestehend aus Frau Nienaber, Frau Schulze und Frau Michaelis, freuen sich auf Ihre Kinder.<\/p>\n\n\n\n<p>Sollten Sie Fragen haben, wenden Sie sich bitte an Herrn Holler (<a href=\"mailto:ho@gymbrv.eu\">ho@gymbrv.eu<\/a>).<\/p>\n\n\n\n<p>Mit freundlichem Gru\u00df<\/p>\n\n\n\n<p>StD Michael Holler<br><em>St\u00e4ndiger Vertreter des Schulleiters<\/em><\/p>\n","protected":false},"excerpt":{"rendered":"<p>Wir freuen uns, Ihre Kinder bei uns am Gymnasium Bremerv\u00f6rde begr\u00fc\u00dfen zu d\u00fcrfen!<\/p>\n","protected":false},"author":1,"featured_media":4036,"comment_status":"closed","ping_status":"open","sticky":false,"template":"","format":"standard","meta":{"footnotes":""},"categories":[1,6],"tags":[],"_links":{"self":[{"href":"https:\/\/www.gymbrv.de\/index.php\/wp-json\/wp\/v2\/posts\/4019"}],"collection":[{"href":"https:\/\/www.gymbrv.de\/index.php\/wp-json\/wp\/v2\/posts"}],"about":[{"href":"https:\/\/www.gymbrv.de\/index.php\/wp-json\/wp\/v2\/types\/post"}],"author":[{"embeddable":true,"href":"https:\/\/www.gymbrv.de\/index.php\/wp-json\/wp\/v2\/users\/1"}],"replies":[{"embeddable":true,"href":"https:\/\/www.gymbrv.de\/index.php\/wp-json\/wp\/v2\/comments?post=4019"}],"version-history":[{"count":16,"href":"https:\/\/www.gymbrv.de\/index.php\/wp-json\/wp\/v2\/posts\/4019\/revisions"}],"predecessor-version":[{"id":4037,"href":"https:\/\/www.gymbrv.de\/index.php\/wp-json\/wp\/v2\/posts\/4019\/revisions\/4037"}],"wp:featuredmedia":[{"embeddable":true,"href":"https:\/\/www.gymbrv.de\/index.php\/wp-json\/wp\/v2\/media\/4036"}],"wp:attachment":[{"href":"https:\/\/www.gymbrv.de\/index.php\/wp-json\/wp\/v2\/media?parent=4019"}],"wp:term":[{"taxonomy":"category","embeddable":true,"href":"https:\/\/www.gymbrv.de\/index.php\/wp-json\/wp\/v2\/categories?post=4019"},{"taxonomy":"post_tag","embeddable":true,"href":"https:\/\/www.gymbrv.de\/index.php\/wp-json\/wp\/v2\/tags?post=4019"}],"curies":[{"name":"wp","href":"https:\/\/api.w.org\/{rel}","templated":true}]}}