{"id":4039,"date":"2024-08-04T11:55:18","date_gmt":"2024-08-04T09:55:18","guid":{"rendered":"https:\/\/www.gymbrv.de\/?p=4039"},"modified":"2024-08-19T13:00:57","modified_gmt":"2024-08-19T11:00:57","slug":"abi-gottesdienst-2024","status":"publish","type":"post","link":"https:\/\/www.gymbrv.de\/index.php\/2024\/08\/04\/abi-gottesdienst-2024\/","title":{"rendered":"Abi-Gottesdienst 2024"},"content":{"rendered":"<div class=\"wp-block-image\">\n<figure class=\"alignright size-full\"><img loading=\"lazy\" decoding=\"async\" width=\"297\" height=\"400\" src=\"https:\/\/www.gymbrv.de\/wp-content\/uploads\/2024\/08\/01.jpg\" alt=\"\" class=\"wp-image-4040\" srcset=\"https:\/\/www.gymbrv.de\/wp-content\/uploads\/2024\/08\/01.jpg 297w, https:\/\/www.gymbrv.de\/wp-content\/uploads\/2024\/08\/01-223x300.jpg 223w\" sizes=\"(max-width: 297px) 100vw, 297px\" \/><figcaption class=\"wp-element-caption\">Dekoration der Kirchenb\u00e4nke<\/figcaption><\/figure><\/div>\n\n\n<p>Letztes Jahr plante die Klasse 10c den Abiturgottesdienst und in diesem Jahr organisierten sie ihn gemeinsam mit der Klasse 10b. Der Abiturgottesdienst fand am 20. Juni 2024 in der St. Liborius Kirche Bremerv\u00f6rde statt.<\/p>\n\n\n\n<p>Wochen vorher sa\u00dfen wir gemeinsam mit unseren Religionslehrkr\u00e4ften Frau Hellmi\u00df und Frau Bladauski im Raum f\u00fcr Darstellendes Spiel an der Schule, um die Vorbereitungen zu treffen.<\/p>\n\n\n\n<p><em>19. April 2024<\/em><\/p>\n\n\n\n<p>Heute fand die Generalprobe statt. Wir trafen uns um 8 Uhr in der Kirche, um den Ablauf des Tages zu besprechen. W\u00e4hrend die Anspielgruppe an ihrem St\u00fcck arbeitete, begann die Dekorationsgruppe, die Kirche zu schm\u00fccken und Gesangb\u00fccher zu verteilen. Au\u00dferdem \u00fcberpr\u00fcften wir die Technik und einige Sch\u00fcler \u00fcberarbeiteten ihre Texte. Nach der ersten, noch etwas chaotischen Generalprobe fertigte die Geschenke-Gruppe unter dem Motto \u201eIch packe meinen Koffer und nehme mit&#8230;\u201c die Geschenke an. Das Motto symbolisiert die unterschiedlichen Wege, die jeder Abiturient nach der Schule einschlagen wird, sei es eine Ausbildung, ein Studium oder ein freiwilliges soziales Jahr.<\/p>\n\n\n<div class=\"wp-block-image\">\n<figure class=\"alignleft size-full\"><img loading=\"lazy\" decoding=\"async\" width=\"363\" height=\"400\" src=\"https:\/\/www.gymbrv.de\/wp-content\/uploads\/2024\/08\/02.jpg\" alt=\"\" class=\"wp-image-4041\" srcset=\"https:\/\/www.gymbrv.de\/wp-content\/uploads\/2024\/08\/02.jpg 363w, https:\/\/www.gymbrv.de\/wp-content\/uploads\/2024\/08\/02-272x300.jpg 272w\" sizes=\"(max-width: 363px) 100vw, 363px\" \/><figcaption class=\"wp-element-caption\">Flyer des Abi-Gottesdienstes und Dekoration des Foyers der Kirche<\/figcaption><\/figure><\/div>\n\n\n<p>Nach der zweiten Generalprobe war es endlich geschafft: Nach wochenlangen Vorbereitungen hatten wir einen pr\u00e4sentablen Gottesdienst fertiggestellt. Die Freude war gro\u00df, sowohl bei unseren Lehrerinnen als auch bei uns Sch\u00fclern. Alle konnten beruhigt schlafen gehen und sich am n\u00e4chsten Tag in aller Frische morgens zum Gottesdienst einfinden.<\/p>\n\n\n\n<p><em>20. Juni 2024<\/em><\/p>\n\n\n\n<p>Heute war der gro\u00dfe Tag der Abiturienten. 13 Jahre Schule gingen zu Ende, 13 Jahre Unterricht, in denen sich viele wahrscheinlich fragten, \u201eBrauche ich Sinus und Kosinus irgendwann noch einmal?\u201c Mit dem Abiturgottesdienst in der Kirche und dem anschlie\u00dfenden Sektfr\u00fchst\u00fcck in der Turnhalle wurde das bestandene Abitur gefeiert.<\/p>\n\n\n<div class=\"wp-block-image\">\n<figure class=\"alignright size-full\"><img loading=\"lazy\" decoding=\"async\" width=\"249\" height=\"400\" src=\"https:\/\/www.gymbrv.de\/wp-content\/uploads\/2024\/08\/03.jpg\" alt=\"\" class=\"wp-image-4042\" srcset=\"https:\/\/www.gymbrv.de\/wp-content\/uploads\/2024\/08\/03.jpg 249w, https:\/\/www.gymbrv.de\/wp-content\/uploads\/2024\/08\/03-187x300.jpg 187w\" sizes=\"(max-width: 249px) 100vw, 249px\" \/><figcaption class=\"wp-element-caption\">Handabdr\u00fccke der Tutoren<\/figcaption><\/figure><\/div>\n\n\n<p>Wir trafen uns, wie am vorherigen Tag, um 8 Uhr in der Kirche, um letzte Dekorationen anzubringen, wie z. B. kleine Blumenstr\u00e4u\u00dfe an den Sitzb\u00e4nken. Die Anspielgruppe probte ihr St\u00fcck ein letztes Mal und jeder hatte die M\u00f6glichkeit, seinen Text noch einmal durchzugehen. Melina (10c) spielte sich noch einmal am Klavier ein.<\/p>\n\n\n\n<p>Um 9:15 Uhr traf unser erster Gast, Frau Popesko, ein und begr\u00fc\u00dfte uns freundlich. Um 9:30 Uhr war die Kirche bereits mit Angeh\u00f6rigen, der Gemeinde und nat\u00fcrlich den Abiturienten gef\u00fcllt. Der Gottesdienst begann und verlief sehr sch\u00f6n. Von der Lesung bis zur Kollekte hatten wir an alles gedacht.<\/p>\n\n\n\n<p>Die Kollekte des Abigottesdienstes belief sich auf 400,58\u00a0\u20ac. Die eine H\u00e4lfte wurde an die Tafel Bremerv\u00f6rde und die andere an die Krebsf\u00fcrsorge Bremerv\u00f6rde-Zeven gespendet.<\/p>\n\n\n\n<p>Nachdem jeder Abiturient ein Geschenk \u2013 kleine Koffer mit S\u00fc\u00dfigkeiten \u2013 erhalten hatte, verlie\u00dfen alle die Kirche. F\u00fcr die Abiturienten ging der Tag weiter mit einem Sektfr\u00fchst\u00fcck in der Schule.<\/p>\n\n\n\n<p>Nachdem wir die Kirche wieder aufger\u00e4umt hatten, konnten wir nach Hause fahren.<\/p>\n\n\n\n<p> (Laura Feindt, 10b)<\/p>\n\n\n\n<div data-wp-interactive=\"\" class=\"wp-block-file\"><object data-wp-bind--hidden=\"!selectors.core.file.hasPdfPreview\" hidden class=\"wp-block-file__embed\" data=\"https:\/\/www.gymbrv.de\/wp-content\/uploads\/2024\/08\/FlyerFinal.pdf\" type=\"application\/pdf\" style=\"width:100%;height:600px\" aria-label=\"PDF-Einbettung\"><\/object><a href=\"https:\/\/www.gymbrv.de\/wp-content\/uploads\/2024\/08\/FlyerFinal.pdf\" class=\"wp-block-file__button wp-element-button\" download>PDF herunterladen<\/a><\/div>\n","protected":false},"excerpt":{"rendered":"<p>Letztes Jahr plante die Klasse 10c den Abiturgottesdienst und in diesem Jahr organisierten sie ihn gemeinsam mit der Klasse 10b. Der Abiturgottesdienst fand am 20. Juni 2024 in der St. Liborius Kirche Brv statt.<\/p>\n","protected":false},"author":1,"featured_media":4040,"comment_status":"closed","ping_status":"open","sticky":false,"template":"","format":"standard","meta":{"footnotes":""},"categories":[1,4],"tags":[],"_links":{"self":[{"href":"https:\/\/www.gymbrv.de\/index.php\/wp-json\/wp\/v2\/posts\/4039"}],"collection":[{"href":"https:\/\/www.gymbrv.de\/index.php\/wp-json\/wp\/v2\/posts"}],"about":[{"href":"https:\/\/www.gymbrv.de\/index.php\/wp-json\/wp\/v2\/types\/post"}],"author":[{"embeddable":true,"href":"https:\/\/www.gymbrv.de\/index.php\/wp-json\/wp\/v2\/users\/1"}],"replies":[{"embeddable":true,"href":"https:\/\/www.gymbrv.de\/index.php\/wp-json\/wp\/v2\/comments?post=4039"}],"version-history":[{"count":4,"href":"https:\/\/www.gymbrv.de\/index.php\/wp-json\/wp\/v2\/posts\/4039\/revisions"}],"predecessor-version":[{"id":4052,"href":"https:\/\/www.gymbrv.de\/index.php\/wp-json\/wp\/v2\/posts\/4039\/revisions\/4052"}],"wp:featuredmedia":[{"embeddable":true,"href":"https:\/\/www.gymbrv.de\/index.php\/wp-json\/wp\/v2\/media\/4040"}],"wp:attachment":[{"href":"https:\/\/www.gymbrv.de\/index.php\/wp-json\/wp\/v2\/media?parent=4039"}],"wp:term":[{"taxonomy":"category","embeddable":true,"href":"https:\/\/www.gymbrv.de\/index.php\/wp-json\/wp\/v2\/categories?post=4039"},{"taxonomy":"post_tag","embeddable":true,"href":"https:\/\/www.gymbrv.de\/index.php\/wp-json\/wp\/v2\/tags?post=4039"}],"curies":[{"name":"wp","href":"https:\/\/api.w.org\/{rel}","templated":true}]}}