{"id":4168,"date":"2025-02-14T10:08:43","date_gmt":"2025-02-14T09:08:43","guid":{"rendered":"https:\/\/www.gymbrv.de\/?p=4168"},"modified":"2025-03-16T11:58:42","modified_gmt":"2025-03-16T10:58:42","slug":"tag-der-offenen-tuer-fuer-die-neuen-5-klassen","status":"publish","type":"post","link":"https:\/\/www.gymbrv.de\/index.php\/2025\/02\/14\/tag-der-offenen-tuer-fuer-die-neuen-5-klassen\/","title":{"rendered":"Tag der offenen T\u00fcr f\u00fcr die &#8222;neuen 5. Klassen&#8220;"},"content":{"rendered":"\n<p>An die<br>Erziehungsberechtigten<br>der Sch\u00fcler*innen<br>der 4. Klassen<\/p>\n\n\n\n<p class=\"has-text-align-right\">13.02.2025<\/p>\n\n\n\n<p>Das Gymnasium Bremerv\u00f6rde veranstaltet am<\/p>\n\n\n\n<p class=\"has-text-align-center\"><strong>Mittwoch, 05.03.2025 einen \u201eSchnuppertag\u201c<\/strong><\/p>\n\n\n\n<p>An diesem Tag k\u00f6nnen Ihre Kinder von 8.30 Uhr bis etwa 13.00 Uhr unsere Schule<br>kennenlernen.<\/p>\n\n\n\n<p class=\"has-text-align-center\"><strong>Begr\u00fc\u00dfung: 8.30 Uhr in der Aula<br>Der Ablauf wird erkl\u00e4rt.<\/strong><\/p>\n\n\n\n<ul>\n<li>Die Fachschaften Franz\u00f6sisch und Latein bieten Schnupperunterricht an.<br>Ihre Kinder erleben eine Einf\u00fchrungsstunde in die neue Sprache.<\/li>\n\n\n\n<li>Die naturwissenschaftlichen F\u00e4cher zeigen Experimentalunterricht.<\/li>\n\n\n\n<li>Wir bieten eine Stunde Deutsch an.<\/li>\n\n\n\n<li>Die Fachschaft Musik bietet einen Zirkel mit den Musikinstrumenten der Bl\u00e4serklasse zum Ausprobieren an.<\/li>\n\n\n\n<li>Es gibt viele spannende Informationen \u00fcber die Bl\u00e4serklasse und einen m\u00f6glichen bilingualen Unterricht ab Klasse 7.<\/li>\n\n\n\n<li>Sch\u00fcler der neunten Klasse zeigen Ihren Kindern in Kleingruppen die Schule.<\/li>\n<\/ul>\n\n\n\n<p>Der Tag der offenen T\u00fcr endet zwischen 12.30 Uhr und 13.00 Uhr.<\/p>\n\n\n\n<p><strong>Am Mittwochnachmittag, den 05.03.2025, \u00f6ffnet sich unsere Schule um 17 Uhr auch f\u00fcr Sie.<\/strong><\/p>\n\n\n\n<p>Wir bieten Informationen f\u00fcr die neuen Sprachen, die Bl\u00e4serklasse, den bilingualen Unterricht<br>und stehen Ihnen f\u00fcr R\u00fcckfragen gerne zur Verf\u00fcgung.<\/p>\n\n\n\n<p>Mit freundlichen Gr\u00fc\u00dfen<br>i.V. OStR M. Leidig<\/p>\n","protected":false},"excerpt":{"rendered":"<p>Das Gymnasium Bremerv\u00f6rde veranstaltet am Mittwoch, 05.03.2025 einen \u201eSchnuppertag\u201c sowie einen Informations-Nachmittag.<\/p>\n","protected":false},"author":1,"featured_media":0,"comment_status":"closed","ping_status":"open","sticky":false,"template":"","format":"standard","meta":{"footnotes":""},"categories":[1],"tags":[],"_links":{"self":[{"href":"https:\/\/www.gymbrv.de\/index.php\/wp-json\/wp\/v2\/posts\/4168"}],"collection":[{"href":"https:\/\/www.gymbrv.de\/index.php\/wp-json\/wp\/v2\/posts"}],"about":[{"href":"https:\/\/www.gymbrv.de\/index.php\/wp-json\/wp\/v2\/types\/post"}],"author":[{"embeddable":true,"href":"https:\/\/www.gymbrv.de\/index.php\/wp-json\/wp\/v2\/users\/1"}],"replies":[{"embeddable":true,"href":"https:\/\/www.gymbrv.de\/index.php\/wp-json\/wp\/v2\/comments?post=4168"}],"version-history":[{"count":4,"href":"https:\/\/www.gymbrv.de\/index.php\/wp-json\/wp\/v2\/posts\/4168\/revisions"}],"predecessor-version":[{"id":4172,"href":"https:\/\/www.gymbrv.de\/index.php\/wp-json\/wp\/v2\/posts\/4168\/revisions\/4172"}],"wp:attachment":[{"href":"https:\/\/www.gymbrv.de\/index.php\/wp-json\/wp\/v2\/media?parent=4168"}],"wp:term":[{"taxonomy":"category","embeddable":true,"href":"https:\/\/www.gymbrv.de\/index.php\/wp-json\/wp\/v2\/categories?post=4168"},{"taxonomy":"post_tag","embeddable":true,"href":"https:\/\/www.gymbrv.de\/index.php\/wp-json\/wp\/v2\/tags?post=4168"}],"curies":[{"name":"wp","href":"https:\/\/api.w.org\/{rel}","templated":true}]}}