{"id":4210,"date":"2024-12-23T11:36:42","date_gmt":"2024-12-23T10:36:42","guid":{"rendered":"https:\/\/www.gymbrv.de\/?p=4210"},"modified":"2025-03-16T11:39:14","modified_gmt":"2025-03-16T10:39:14","slug":"o-du-musikalische-weihnachtszeit-beim-konzert-des-gymnasiums-bremervoerde","status":"publish","type":"post","link":"https:\/\/www.gymbrv.de\/index.php\/2024\/12\/23\/o-du-musikalische-weihnachtszeit-beim-konzert-des-gymnasiums-bremervoerde\/","title":{"rendered":"\u201eO du musikalische Weihnachtszeit\u201c beim Konzert des Gymnasiums Bremerv\u00f6rde"},"content":{"rendered":"\n<p>Am vorvergangenen Freitag fand das Weihnachtskonzert des Gymnasiums Bremerv\u00f6rde statt. In der vollbesetzten Mensa des Schulcampus erlebten die Zuh\u00f6rer ein buntes Programm mit festlichen Kl\u00e4ngen, die von fr\u00f6hlichen Vortragenden der 5. bis 13. Jahrgangsstufe musikalisch und akrobatisch zur Auff\u00fchrung gebracht wurden.<\/p>\n\n\n\n<div class=\"alignnormal\"><div id=\"metaslider-id-4214\" style=\"max-width: 667px; margin: 0 auto;\" class=\"ml-slider-3-28-2 metaslider metaslider-nivo metaslider-4214 ml-slider\">\n    <div id=\"metaslider_container_4214\">\n        <div class='slider-wrapper theme-default'><div class='ribbon'><\/div><div id='metaslider_4214' class='nivoSlider'><img loading=\"lazy\" decoding=\"async\" width=\"663\" height=\"300\" src=\"https:\/\/www.gymbrv.de\/wp-content\/uploads\/2025\/03\/01.jpg\" class=\"slider-4214 slide-4222\" alt=\"\" data-caption=\"\" data-thumb=\"\" title=\"01\" rel=\"\" srcset=\"https:\/\/www.gymbrv.de\/wp-content\/uploads\/2025\/03\/01.jpg 663w, https:\/\/www.gymbrv.de\/wp-content\/uploads\/2025\/03\/01-300x136.jpg 300w\" sizes=\"(max-width: 663px) 100vw, 663px\" \/><img loading=\"lazy\" decoding=\"async\" width=\"663\" height=\"300\" src=\"https:\/\/www.gymbrv.de\/wp-content\/uploads\/2025\/03\/02.jpg\" class=\"slider-4214 slide-4223\" alt=\"\" data-caption=\"\" data-thumb=\"\" title=\"02\" rel=\"\" srcset=\"https:\/\/www.gymbrv.de\/wp-content\/uploads\/2025\/03\/02.jpg 663w, https:\/\/www.gymbrv.de\/wp-content\/uploads\/2025\/03\/02-300x136.jpg 300w\" sizes=\"(max-width: 663px) 100vw, 663px\" \/><img loading=\"lazy\" decoding=\"async\" width=\"663\" height=\"300\" src=\"https:\/\/www.gymbrv.de\/wp-content\/uploads\/2025\/03\/03.jpg\" class=\"slider-4214 slide-4224\" alt=\"\" data-caption=\"\" data-thumb=\"\" title=\"03\" rel=\"\" srcset=\"https:\/\/www.gymbrv.de\/wp-content\/uploads\/2025\/03\/03.jpg 663w, https:\/\/www.gymbrv.de\/wp-content\/uploads\/2025\/03\/03-300x136.jpg 300w\" sizes=\"(max-width: 663px) 100vw, 663px\" \/><img loading=\"lazy\" decoding=\"async\" width=\"663\" height=\"300\" src=\"https:\/\/www.gymbrv.de\/wp-content\/uploads\/2025\/03\/04.jpg\" class=\"slider-4214 slide-4225\" alt=\"\" data-caption=\"\" data-thumb=\"\" title=\"04\" rel=\"\" srcset=\"https:\/\/www.gymbrv.de\/wp-content\/uploads\/2025\/03\/04.jpg 663w, https:\/\/www.gymbrv.de\/wp-content\/uploads\/2025\/03\/04-300x136.jpg 300w\" sizes=\"(max-width: 663px) 100vw, 663px\" \/><img loading=\"lazy\" decoding=\"async\" width=\"663\" height=\"300\" src=\"https:\/\/www.gymbrv.de\/wp-content\/uploads\/2025\/03\/05.jpg\" class=\"slider-4214 slide-4226\" alt=\"\" data-caption=\"\" data-thumb=\"\" title=\"05\" rel=\"\" srcset=\"https:\/\/www.gymbrv.de\/wp-content\/uploads\/2025\/03\/05.jpg 663w, https:\/\/www.gymbrv.de\/wp-content\/uploads\/2025\/03\/05-300x136.jpg 300w\" sizes=\"(max-width: 663px) 100vw, 663px\" \/><img loading=\"lazy\" decoding=\"async\" width=\"663\" height=\"300\" src=\"https:\/\/www.gymbrv.de\/wp-content\/uploads\/2025\/03\/06.jpg\" class=\"slider-4214 slide-4227\" alt=\"\" data-caption=\"\" data-thumb=\"\" title=\"06\" rel=\"\" srcset=\"https:\/\/www.gymbrv.de\/wp-content\/uploads\/2025\/03\/06.jpg 663w, https:\/\/www.gymbrv.de\/wp-content\/uploads\/2025\/03\/06-300x136.jpg 300w\" sizes=\"(max-width: 663px) 100vw, 663px\" \/><img loading=\"lazy\" decoding=\"async\" width=\"663\" height=\"300\" src=\"https:\/\/www.gymbrv.de\/wp-content\/uploads\/2025\/03\/07.jpg\" class=\"slider-4214 slide-4228\" alt=\"\" data-caption=\"\" data-thumb=\"\" title=\"07\" rel=\"\" srcset=\"https:\/\/www.gymbrv.de\/wp-content\/uploads\/2025\/03\/07.jpg 663w, https:\/\/www.gymbrv.de\/wp-content\/uploads\/2025\/03\/07-300x136.jpg 300w\" sizes=\"(max-width: 663px) 100vw, 663px\" \/><\/div><\/div>\n        \n    <\/div>\n<\/div><\/div>\n\n\n\n<p>Nach einer kurzen Ansprache des Schulleiters, Doktor Uwe Strohbach, der das Publikum auf den Abend einstimmte und das Engagement der mitwirkenden Sch\u00fcler in musikalischer, akrobatischer und kulinarischer Hinsicht hervorhob, stellte die Bl\u00e4serklasse 5b unter der Leitung ihres Musiklehrers Volker Ansorge den musikalischen \u201eOpener\u201c des Abends und erfreute das Publikum mit zwei Weihnachtsliedern, dem festlichen \u201eHark! The Herald Angels Sing\u201c, dessen Text seit Mitte des 19. Jahrhunderts auf eine Chormelodie von Felix Mendelssohn-Bartholdy gesungen wird, sowie dem 1932 komponierten Song \u201eSanta Claus is coming to town\u201c.<\/p>\n\n\n\n<p>Tjalda Janz (Klavier) brachte im Anschluss auf wunderbar einf\u00fchlsame Weise ein St\u00fcck des japanischen (Filmmusik-)Komponisten Joe Hisaishi zu Geh\u00f6r, n\u00e4mlich die Titelmelodie des 1999 erschienen Films \u201eKikujir\u014ds Sommer&#8220;, in dem die Titelfigur, ein kleiner Junge, sich auf die Suche nach seiner Mutter macht.<\/p>\n\n\n\n<p>Nach ihrem Auftritt wurde die B\u00fchne erst einmal umger\u00e4umt und Matten ausgelegt, denn die Akrobatik-AG unter der Leitung von Jette Michaelis formierte sich. Zu den Kl\u00e4ngen von Ariana Grandes Weihnachtslied \u201eSanta tells me\u201c (2014) beeindruckten die Turnerinnen das staunende Publikum mit akrobatischen Kunstst\u00fccken einschlie\u00dflich schwieriger Hebefiguren und erhielt daf\u00fcr den verdienten Applaus.<\/p>\n\n\n\n<p>Anschlie\u00dfend war es Zeit f\u00fcr Bl\u00e4serkl\u00e4nge zweier Ensembles unter der Leitung von Judith Schaub: Die Klasse 6b trug ein Programm vor, zu dem neben dem Kirchenlied \u201eLobt Gott, ihr Christen\u201c aus dem 16. Jahrhundert auch das \u00e4lteste sowie das zweit\u00e4lteste weltliche Weihnachtslied der Welt geh\u00f6rten: \u201eJingle bells\u201c von 1847 und \u201eUp on the housetop\u201c von 1855. Die Bl\u00e4ser des 7. Jahrgangs setzten das Programm fort und zeigten ebenfalls einen Querschnitt ihres K\u00f6nnens, dabei Weihnachtliches wie z.B. \u201eGloria\u201c, ein aus dem 18. Jh. stammendes franz\u00f6sisches Weihnachtslied (&#8222;Anges dans nos campagnes&#8220;), ebenso wie lateinamerikanische Rhythmen und Kl\u00e4nge mit dem St\u00fcck \u201eLatin fire\u201c des amerikanischen Komponisten und Arrangeurs John Higgins.<\/p>\n\n\n\n<p>Nach einer Pause, in der dem kulinarischen Angebot des 12. Jahrgangs eifrig zugesprochen wurde, kam der Einsatz der Gitarren-AG unter der Leitung von Ute Schmidt: Sie pr\u00e4sentierte dem Publikum Besinnliches ebenso wie schwungvolle Weihnachtsmelodien, darunter das Adventslied \u201eMaria durch ein Dornwald ging\u201c aus dem Jahr 1850 ebenso wie \u201eRocking around the Christmas Tree\u201c, ein 1958 ver\u00f6ffentlichter Weihnachtssong der amerikanischen S\u00e4ngerin Brenda Lee. Mit dem Abiturienten Dominic Christ betrat hiernach wieder ein Solok\u00fcnstler die B\u00fchne, nach eigener Aussage zum vorletzten Mal, und er bot den erfreuten Zuh\u00f6rern am Klavier zwei St\u00fccke dar, den Song \u201eWhen the party\u2018s over\u201c von Billie Eilish (2018) sowie den \u201eWinter\u201c aus Antonio Vivaldis\u00a0\u201eVier Jahreszeiten\u201c in einem Arrangement f\u00fcr Klavier. Glanz- und H\u00f6hepunkt des Abends war schlie\u00dflich das Jugendorchester unter der Leitung von Tobias Postel, das einen Mix aus weihnachtlichen und rockmusikalischen Melodien darbot, darunter das Adventslied \u201eTochter Zion\u201c aus dem 19. Jahrhundert, aber auch der Song \u201e Shut up and dance\u201c (2014) der amerikanischen Band \u201eWalk the moon\u201c. Zum Ausklang des Abends stimmten schlie\u00dflich alle Anwesenden gemeinsam das Weihnachtslied \u201eO du fr\u00f6hliche\u201c an, das im Jahr 1815 vom Schriftsteller und Kirchenlieddichter Johannes Falk geschrieben wurde und heute in aller Welt gesungen wird.<\/p>\n\n\n\n<p>Unterst\u00fctzt wurde das Konzert wieder durch den 12. Jahrgang mit einem weihnachtlichen Pausenangebot sowie durch die Hausmeister Dieter, Norbert und Ole, die die organisatorische Seite mitbetreuten. Der Tontechniker des Abends, Sven Keuchel, steuerte in sehr umsichtiger Weise alle S\u00e4nger\/-innen und Instrumentalist\/-innen aus. Und nicht nur diesen dankten sowohl der Schulleiter als auch der Moderator des Abends, Tobias Postel, sondern auch dem F\u00f6rderverein, dessen vielf\u00e4ltige Unterst\u00fctzung zur Entwicklung der musikalischen Qualit\u00e4ten beitr\u00e4gt ebenso wie den Sch\u00fclern, Lehrern und Eltern, die alle am Gelingen des Abends ihren Anteil hatten.<\/p>\n\n\n\n<p>(Su)<\/p>\n","protected":false},"excerpt":{"rendered":"<p>Am vorvergangenen Freitag fand das Weihnachtskonzert des Gymnasiums Bremerv\u00f6rde statt. In der vollbesetzten Mensa des Schulcampus erlebten die Zuh\u00f6rer ein buntes Programm mit festlichen Kl\u00e4ngen, die von fr\u00f6hlichen Vortragenden der 5. bis 13. Jahrgangsstufe musikalisch und akrobatisch zur Auff\u00fchrung gebracht wurden.<\/p>\n","protected":false},"author":1,"featured_media":4230,"comment_status":"closed","ping_status":"open","sticky":false,"template":"","format":"standard","meta":{"footnotes":""},"categories":[1,4],"tags":[],"_links":{"self":[{"href":"https:\/\/www.gymbrv.de\/index.php\/wp-json\/wp\/v2\/posts\/4210"}],"collection":[{"href":"https:\/\/www.gymbrv.de\/index.php\/wp-json\/wp\/v2\/posts"}],"about":[{"href":"https:\/\/www.gymbrv.de\/index.php\/wp-json\/wp\/v2\/types\/post"}],"author":[{"embeddable":true,"href":"https:\/\/www.gymbrv.de\/index.php\/wp-json\/wp\/v2\/users\/1"}],"replies":[{"embeddable":true,"href":"https:\/\/www.gymbrv.de\/index.php\/wp-json\/wp\/v2\/comments?post=4210"}],"version-history":[{"count":4,"href":"https:\/\/www.gymbrv.de\/index.php\/wp-json\/wp\/v2\/posts\/4210\/revisions"}],"predecessor-version":[{"id":4231,"href":"https:\/\/www.gymbrv.de\/index.php\/wp-json\/wp\/v2\/posts\/4210\/revisions\/4231"}],"wp:featuredmedia":[{"embeddable":true,"href":"https:\/\/www.gymbrv.de\/index.php\/wp-json\/wp\/v2\/media\/4230"}],"wp:attachment":[{"href":"https:\/\/www.gymbrv.de\/index.php\/wp-json\/wp\/v2\/media?parent=4210"}],"wp:term":[{"taxonomy":"category","embeddable":true,"href":"https:\/\/www.gymbrv.de\/index.php\/wp-json\/wp\/v2\/categories?post=4210"},{"taxonomy":"post_tag","embeddable":true,"href":"https:\/\/www.gymbrv.de\/index.php\/wp-json\/wp\/v2\/tags?post=4210"}],"curies":[{"name":"wp","href":"https:\/\/api.w.org\/{rel}","templated":true}]}}