{"id":4299,"date":"2025-04-02T20:17:08","date_gmt":"2025-04-02T18:17:08","guid":{"rendered":"https:\/\/www.gymbrv.de\/?p=4299"},"modified":"2025-04-02T20:17:08","modified_gmt":"2025-04-02T18:17:08","slug":"rekordmeldeergebnis-beim-jtfo-kreisentscheid-fussball","status":"publish","type":"post","link":"https:\/\/www.gymbrv.de\/index.php\/2025\/04\/02\/rekordmeldeergebnis-beim-jtfo-kreisentscheid-fussball\/","title":{"rendered":"Rekordmeldeergebnis beim JtfO Kreisentscheid Fu\u00dfball"},"content":{"rendered":"\n<p>Am 26. M\u00e4rz 2025 fand in Gnarrenburg der Jugend trainiert f\u00fcr Olympia Kreisentscheid im Fu\u00dfball statt. Aus dem Landkreis Rotenburg (W\u00fcmme) nahmen acht Schulen teil. Neben unserem Gymnasium Bremerv\u00f6rde k\u00e4mpften auch das Ratsgymnasium Rotenburg, das St.-Viti-Gymnasium Zeven, die OBS Gnarrenburg, die Fintauschule Lauenbr\u00fcck, die Eichenschule Schee\u00dfel, die KGS Sittensen und die OBS Selsingen um das Weiterkommen. Zum diesj\u00e4hrigen Rekordmeldeergebnis von 28 Mannschaften trug unser Gymnasium bei und konnte seit langem sechs Mannschaften entsenden.<\/p>\n\n\n\n<p>Bei eisigen Temperaturen mit Wind und wenig Sonne wurden die Sieger in den jeweiligen Altersklassen U13, U15 und U17 der M\u00e4dchen und Jungen ermittelt, die sich so f\u00fcr den Kreisgruppenentscheid im Mai qualifizieren.<\/p>\n\n\n\n<p>Parallel wurden die Spiele der U17 Jungen und U15 Jungen jeweils auf dem Gro\u00dffeld und die Spiele der U13 Jungen und M\u00e4dchen U13, U15 und U17 auf einem Kleinfeld ausgetragen.<\/p>\n\n\n\n<p>Da die 6. Klassen gerade auf Klassenfahrt sind, starteten die beiden U13 Mannschaften als j\u00fcngerer Jahrgang und waren nur aus 5 Kl\u00e4sslern besetzt. Bei den M\u00e4dchen hatte eine Schule abgemeldet, so dass es nur ein \u201eHin- und ein R\u00fcckspiel\u201c gab. Au\u00dferdem mussten zus\u00e4tzlich einige Ausf\u00e4lle durch Verletzung verkraften werden. Die M\u00e4dchen konnten Erfahrungen sammeln und erreichten den zweiten Platz.<\/p>\n\n\n\n<p>Die zehn Jungen der U13 mussten sich bereits im Vorfeld im Auswahltraining aus 23 Jungen beweisen und waren trotz j\u00fcngerem Jahrgang unsere \u00dcberraschungssieger, die alle drei Spiele gegen die drei Gegner souver\u00e4n gewannen und sich f\u00fcr den Kreisgruppenentscheid in Gnarrenburg am 7. Mai 2025 qualifizieren konnten.<\/p>\n\n\n<div class=\"wp-block-image\">\n<figure class=\"aligncenter size-full\"><img loading=\"lazy\" decoding=\"async\" width=\"640\" height=\"800\" src=\"https:\/\/www.gymbrv.de\/wp-content\/uploads\/2025\/04\/IMG_6711.jpg\" alt=\"\" class=\"wp-image-4300\" srcset=\"https:\/\/www.gymbrv.de\/wp-content\/uploads\/2025\/04\/IMG_6711.jpg 640w, https:\/\/www.gymbrv.de\/wp-content\/uploads\/2025\/04\/IMG_6711-240x300.jpg 240w\" sizes=\"(max-width: 640px) 100vw, 640px\" \/><\/figure><\/div>\n\n\n<p>Bei den U15 M\u00e4dchen verletzte sich die Torh\u00fcterin noch vor dem ersten Spiel, so dass die Aufregung gro\u00df war, wer stattdessen ins Tor geht. Das Team schloss das Turnier, bei dem 5 Mannschaften um das Weiterkommen spielten, mit dem 3. Platz ab.<\/p>\n\n\n\n<p>Die meisten Mannschaften hatten bei den U15 Jungen gemeldet und so traten die Jungen, die im letzten Jahr noch in der WK IV im Bezirksentscheid gespielt hatten, dieses Jahr in der U15 an. Von sechs Mannschaften konnten sie im kleinen Finale den 3. Platz f\u00fcr sich entscheiden.<\/p>\n\n\n\n<p>Erfreulich erfolgreich war auch wieder die U17 M\u00e4dchen Mannschaft, die vor zwei Jahren im Landesfinale stand, jetzt aber ohne zwei Leistungstr\u00e4gerinnen auskommen musste. Nach zwei Unentschieden und einem Sieg qualifizierten sich die M\u00e4dchen schlie\u00dflich im Elfmeterschie\u00dfen f\u00fcr die n\u00e4chste Runde am 14. Mai 2025 in Sittensen.<\/p>\n\n\n\n<p>Bei den U17 Jungen waren sechs Mannschaften gemeldet und das Niveau war sehr hoch. Unsere Mannschaft schlug sich gut und schloss das Turnier auf Platz vier ab.<\/p>\n\n\n\n<p>Zum Abschluss des Kreisentscheids war die Turnierleitung (Herr Oetjen, NFV-Kreisschulfu\u00dfballreferent, und Frau Bladauski, Schulsportbeauftragte, zufrieden, zelebrierte die Siegerehrung und k\u00fcrte die sechs Kreissieger von der KGS Sittensen (3), vom Gymnasium Bremerv\u00f6rde (2) und der ES Schee\u00dfel (1).<\/p>\n\n\n\n<p>Trotz eisiger Temperaturen war die Stimmung gut, zur Freude vieler Sch\u00fclerinnen und Sch\u00fcler trug u.a. Herr Dr. Strohbach bei, der spontan als Schiedsrichter in mehreren Spielen einsprang.<\/p>\n\n\n\n<p>Die Mannschaften wurden von Frau Husmann, Herrn Glandorf, Frau Ratke, Herrn Dr. Strohbach und Herrn Zerjathke betreut, der die Organisation f\u00fcr das Gymnasium Bremerv\u00f6rde \u00fcbernahm.<\/p>\n\n\n\n<p>(Text: Frau Ratke; Fotos: Frau Husmann, Frau Ratke)<\/p>\n","protected":false},"excerpt":{"rendered":"<p>Am 26. M\u00e4rz 2025 fand in Gnarrenburg der Jugend trainiert f\u00fcr Olympia Kreisentscheid im Fu\u00dfball statt. Aus dem Landkreis Rotenburg (W\u00fcmme) nahmen acht Schulen teil. Zum diesj\u00e4hrigen Rekordmeldeergebnis von 28 Mannschaften trug unser Gymnasium bei und konnte seit langem sechs Mannschaften entsenden.<\/p>\n","protected":false},"author":1,"featured_media":4301,"comment_status":"closed","ping_status":"open","sticky":false,"template":"","format":"standard","meta":{"footnotes":""},"categories":[4],"tags":[],"_links":{"self":[{"href":"https:\/\/www.gymbrv.de\/index.php\/wp-json\/wp\/v2\/posts\/4299"}],"collection":[{"href":"https:\/\/www.gymbrv.de\/index.php\/wp-json\/wp\/v2\/posts"}],"about":[{"href":"https:\/\/www.gymbrv.de\/index.php\/wp-json\/wp\/v2\/types\/post"}],"author":[{"embeddable":true,"href":"https:\/\/www.gymbrv.de\/index.php\/wp-json\/wp\/v2\/users\/1"}],"replies":[{"embeddable":true,"href":"https:\/\/www.gymbrv.de\/index.php\/wp-json\/wp\/v2\/comments?post=4299"}],"version-history":[{"count":1,"href":"https:\/\/www.gymbrv.de\/index.php\/wp-json\/wp\/v2\/posts\/4299\/revisions"}],"predecessor-version":[{"id":4302,"href":"https:\/\/www.gymbrv.de\/index.php\/wp-json\/wp\/v2\/posts\/4299\/revisions\/4302"}],"wp:featuredmedia":[{"embeddable":true,"href":"https:\/\/www.gymbrv.de\/index.php\/wp-json\/wp\/v2\/media\/4301"}],"wp:attachment":[{"href":"https:\/\/www.gymbrv.de\/index.php\/wp-json\/wp\/v2\/media?parent=4299"}],"wp:term":[{"taxonomy":"category","embeddable":true,"href":"https:\/\/www.gymbrv.de\/index.php\/wp-json\/wp\/v2\/categories?post=4299"},{"taxonomy":"post_tag","embeddable":true,"href":"https:\/\/www.gymbrv.de\/index.php\/wp-json\/wp\/v2\/tags?post=4299"}],"curies":[{"name":"wp","href":"https:\/\/api.w.org\/{rel}","templated":true}]}}