{"id":4308,"date":"2025-05-02T11:48:45","date_gmt":"2025-05-02T09:48:45","guid":{"rendered":"https:\/\/www.gymbrv.de\/?p=4308"},"modified":"2025-05-02T11:48:45","modified_gmt":"2025-05-02T09:48:45","slug":"raue-schale-weicher-kern-langjaehriger-hausmeister-des-gymnasiums-bremervoerde-geht-in-den-wohlverdienten-ruhestand","status":"publish","type":"post","link":"https:\/\/www.gymbrv.de\/index.php\/2025\/05\/02\/raue-schale-weicher-kern-langjaehriger-hausmeister-des-gymnasiums-bremervoerde-geht-in-den-wohlverdienten-ruhestand\/","title":{"rendered":"Raue Schale, weicher Kern &#8211; langj\u00e4hriger Hausmeister des Gymnasiums Bremerv\u00f6rde geht in den wohlverdienten Ruhestand"},"content":{"rendered":"<div class=\"wp-block-image\">\n<figure class=\"alignright size-full\"><img loading=\"lazy\" decoding=\"async\" width=\"301\" height=\"400\" src=\"https:\/\/www.gymbrv.de\/wp-content\/uploads\/2025\/05\/hausi01.jpg\" alt=\"\" class=\"wp-image-4309\" srcset=\"https:\/\/www.gymbrv.de\/wp-content\/uploads\/2025\/05\/hausi01.jpg 301w, https:\/\/www.gymbrv.de\/wp-content\/uploads\/2025\/05\/hausi01-226x300.jpg 226w\" sizes=\"(max-width: 301px) 100vw, 301px\" \/><\/figure><\/div>\n\n\n<p>Am vergangenen Donnerstag wurde Dieter Padur, der \u201eHausi\u201c des Gymnasiums Bremerv\u00f6rde, in einer Dienstbesprechung verabschiedet. Auch wenn er eigentlich gem\u00e4\u00df seiner Art keine Verabschiedung wollte, waren Lehrkr\u00e4fte wie auch einige wenige ehemalige Wegbegleiter in kleinem Kreis zusammengekommen, um ihn und sein Wirken f\u00fcr die Schule zu w\u00fcrdigen.<\/p>\n\n\n\n<p>Dieter Padur, der seit 1995 als unverzichtbarer, hilfreicher Geist im Hintergrund eine der guten Seelen der Schule ist, stand weit \u00fcber seine Pflichten hinaus der Schulgemeinschaft stets mit Rat und Tat zur Verf\u00fcgung. Schulleiter Dr. Strohbach hob in seiner Rede sowohl seine Verl\u00e4sslichkeit als auch seine Hilfsbereitschaft bei Veranstaltungen und anderen \u201eNotsituationen\u201c f\u00fcr Lehrkr\u00e4fte, Sch\u00fclerschaft und Elternschaft hervor. Auch als Schulleiter habe er sich des \u00d6fteren Dieters konstruktiven Rat und Einsch\u00e4tzung eingeholt. \u201eHausis\u201c Markenzeichen sei seine direkte, unverbl\u00fcmte Art, mit der er zuweilen seinem Gegen\u00fcber seinen Standpunkt deutlich gemacht habe, wenn ihm etwas nicht gefiel.<\/p>\n\n\n<div class=\"wp-block-image\">\n<figure class=\"alignleft size-full\"><img loading=\"lazy\" decoding=\"async\" width=\"300\" height=\"400\" src=\"https:\/\/www.gymbrv.de\/wp-content\/uploads\/2025\/05\/hausi02.jpg\" alt=\"\" class=\"wp-image-4310\" srcset=\"https:\/\/www.gymbrv.de\/wp-content\/uploads\/2025\/05\/hausi02.jpg 300w, https:\/\/www.gymbrv.de\/wp-content\/uploads\/2025\/05\/hausi02-225x300.jpg 225w\" sizes=\"(max-width: 300px) 100vw, 300px\" \/><\/figure><\/div>\n\n\n<p>Sieghard Rasch, ehemalige Lehrkraft des Gymnasiums und Freund Dieters, zeigte ihm in einer launigen, auf Hamburger Plattdeutsch gehaltenen Rede die Vorz\u00fcge und Nachteile des Rentnerdaseins auf. Auch wenn man in seinem alten Bet\u00e4tigungsfeld nicht mehr gebraucht werde, solle er sich die vielf\u00e4ltigen M\u00f6glichkeiten vor Augen f\u00fchren, die der neue Lebensabschnitt biete. Mit seinen F\u00e4higkeiten als Hausmeister sei er hei\u00df begehrt bei vielen Vereinen und Institutionen. Mit einem Augenzwinkern verwies er auf den Papst und den amerikanischen Pr\u00e4sidenten, auch in fortgestrittenem Alter k\u00f6nne man eine neue Karriere beginnen, von einer Einmischung in den Bereich der Ehefrau hingegen riet er ihm aus eigener Erfahrung eindringlich ab.<\/p>\n\n\n<div class=\"wp-block-image\">\n<figure class=\"alignright size-full\"><img loading=\"lazy\" decoding=\"async\" width=\"400\" height=\"300\" src=\"https:\/\/www.gymbrv.de\/wp-content\/uploads\/2025\/05\/hausi03.jpg\" alt=\"\" class=\"wp-image-4311\" srcset=\"https:\/\/www.gymbrv.de\/wp-content\/uploads\/2025\/05\/hausi03.jpg 400w, https:\/\/www.gymbrv.de\/wp-content\/uploads\/2025\/05\/hausi03-300x225.jpg 300w, https:\/\/www.gymbrv.de\/wp-content\/uploads\/2025\/05\/hausi03-100x75.jpg 100w\" sizes=\"(max-width: 400px) 100vw, 400px\" \/><\/figure><\/div>\n\n\n<p>Seine Vorliebe f\u00fcr das Urlaubsland D\u00e4nemark, deren Bewohner zu den gl\u00fccklichsten Menschen z\u00e4hlen, wurde auch von dem Personalrat des Gymnasiums hervorgehoben, der ihm im Namen des Kollegiums zum Abschied einen Betrag zur Ferienkasse f\u00fcr den anstehenden Urlaub \u00fcberreichte.<\/p>\n\n\n\n<p>Stellvertretend f\u00fcr die Verwaltungskr\u00e4fte \u00fcberreichte ihm die ehemalige Schulsekret\u00e4rin B\u00e4rbel Popesko einen Korb mit zahlreichen Geschenken f\u00fcr Freizeit-besch\u00e4ftigungen.<\/p>\n\n\n<div class=\"wp-block-image\">\n<figure class=\"alignleft size-full\"><img loading=\"lazy\" decoding=\"async\" width=\"400\" height=\"300\" src=\"https:\/\/www.gymbrv.de\/wp-content\/uploads\/2025\/05\/hausi04.jpg\" alt=\"\" class=\"wp-image-4312\" srcset=\"https:\/\/www.gymbrv.de\/wp-content\/uploads\/2025\/05\/hausi04.jpg 400w, https:\/\/www.gymbrv.de\/wp-content\/uploads\/2025\/05\/hausi04-300x225.jpg 300w, https:\/\/www.gymbrv.de\/wp-content\/uploads\/2025\/05\/hausi04-100x75.jpg 100w\" sizes=\"(max-width: 400px) 100vw, 400px\" \/><\/figure><\/div>\n\n\n<p>Die Fachschaften Musik und Sport, die auf Grund ihrer zahlreichen Veranstaltungen immer besonders auf Dieters Hilfe angewiesen waren, bedankten sich mit Pr\u00e4senten.<\/p>\n\n\n\n<p><a><\/a> Bei Bier, Grillw\u00fcrstchen und einer eigens von der Kollegin Steffi L\u00fcdemann f\u00fcr ihn gebackenen Abschiedstorte verabschiedete sich die Schule von einem tragenden Mitglied der Schulgemeinschaft des Gymnasiums Bremerv\u00f6rde.<\/p>\n","protected":false},"excerpt":{"rendered":"<p>Am vergangenen Donnerstag wurde Dieter Padur, der \u201eHausi\u201c des Gymnasiums Bremerv\u00f6rde, in einer Dienstbesprechung verabschiedet.<\/p>\n","protected":false},"author":1,"featured_media":4309,"comment_status":"closed","ping_status":"open","sticky":false,"template":"","format":"standard","meta":{"footnotes":""},"categories":[1,4],"tags":[],"_links":{"self":[{"href":"https:\/\/www.gymbrv.de\/index.php\/wp-json\/wp\/v2\/posts\/4308"}],"collection":[{"href":"https:\/\/www.gymbrv.de\/index.php\/wp-json\/wp\/v2\/posts"}],"about":[{"href":"https:\/\/www.gymbrv.de\/index.php\/wp-json\/wp\/v2\/types\/post"}],"author":[{"embeddable":true,"href":"https:\/\/www.gymbrv.de\/index.php\/wp-json\/wp\/v2\/users\/1"}],"replies":[{"embeddable":true,"href":"https:\/\/www.gymbrv.de\/index.php\/wp-json\/wp\/v2\/comments?post=4308"}],"version-history":[{"count":2,"href":"https:\/\/www.gymbrv.de\/index.php\/wp-json\/wp\/v2\/posts\/4308\/revisions"}],"predecessor-version":[{"id":4314,"href":"https:\/\/www.gymbrv.de\/index.php\/wp-json\/wp\/v2\/posts\/4308\/revisions\/4314"}],"wp:featuredmedia":[{"embeddable":true,"href":"https:\/\/www.gymbrv.de\/index.php\/wp-json\/wp\/v2\/media\/4309"}],"wp:attachment":[{"href":"https:\/\/www.gymbrv.de\/index.php\/wp-json\/wp\/v2\/media?parent=4308"}],"wp:term":[{"taxonomy":"category","embeddable":true,"href":"https:\/\/www.gymbrv.de\/index.php\/wp-json\/wp\/v2\/categories?post=4308"},{"taxonomy":"post_tag","embeddable":true,"href":"https:\/\/www.gymbrv.de\/index.php\/wp-json\/wp\/v2\/tags?post=4308"}],"curies":[{"name":"wp","href":"https:\/\/api.w.org\/{rel}","templated":true}]}}