{"id":4317,"date":"2025-05-12T12:01:29","date_gmt":"2025-05-12T10:01:29","guid":{"rendered":"https:\/\/www.gymbrv.de\/?p=4317"},"modified":"2025-05-19T12:23:15","modified_gmt":"2025-05-19T10:23:15","slug":"gemeinsamer-gedenkmarsch-steps-to-remember","status":"publish","type":"post","link":"https:\/\/www.gymbrv.de\/index.php\/2025\/05\/12\/gemeinsamer-gedenkmarsch-steps-to-remember\/","title":{"rendered":"Gemeinsamer Gedenkmarsch \u201eSteps to remember\u201c"},"content":{"rendered":"<div class=\"wp-block-image\">\n<figure class=\"alignright size-full\"><img loading=\"lazy\" decoding=\"async\" width=\"400\" height=\"300\" src=\"https:\/\/www.gymbrv.de\/wp-content\/uploads\/2025\/05\/01.jpg\" alt=\"\" class=\"wp-image-4318\" srcset=\"https:\/\/www.gymbrv.de\/wp-content\/uploads\/2025\/05\/01.jpg 400w, https:\/\/www.gymbrv.de\/wp-content\/uploads\/2025\/05\/01-300x225.jpg 300w, https:\/\/www.gymbrv.de\/wp-content\/uploads\/2025\/05\/01-100x75.jpg 100w\" sizes=\"(max-width: 400px) 100vw, 400px\" \/><figcaption class=\"wp-element-caption\">Sch\u00fclerinnen der 9b mit einigen franz\u00f6sischen Teilnehmern sowie Jean Curial, Sohn des KZ-H\u00e4ftlings Georges Curial<\/figcaption><\/figure><\/div>\n\n\n<p>Der Gedenkmarsch \u201eSteps to remember\u201c ist eine Reise in die Vergangenheit, die an den grausamen Todesmarsches der KZ-H\u00e4ftlinge in den letzten Wochen des Zweiten Weltkrieges erinnert. Knapp 10.000 H\u00e4ftlinge wurden kurz vor ihrer Befreiung, als die SS die KZ-Au\u00dfenlager aus Bremen angesichts der heranr\u00fcckenden Alliierten nach und nach aufl\u00f6ste, noch von Farge in Bremen nach Sandbostel und von dort weiter nach Neuengamme und die L\u00fcbecker Bucht getrieben. Vom 24. bis zum 27. April 2025 und somit zum 80. Jahrestag des Todesmarsches wurde dieser Weg, unterteilt in vier Etappen, als Gedenkmarsch erneut beschritten \u2013 nicht nur als ein Marsch der Erinnerung und des Gedenkens an die Opfer, sondern auch als ein Marsch der Hoffnung, des Austauschs und der Gemeinschaft f\u00fcr heutige und kommende Generationen.<\/p>\n\n\n<div class=\"wp-block-image\">\n<figure class=\"alignleft size-full\"><img loading=\"lazy\" decoding=\"async\" width=\"400\" height=\"300\" src=\"https:\/\/www.gymbrv.de\/wp-content\/uploads\/2025\/05\/02.jpg\" alt=\"\" class=\"wp-image-4319\" srcset=\"https:\/\/www.gymbrv.de\/wp-content\/uploads\/2025\/05\/02.jpg 400w, https:\/\/www.gymbrv.de\/wp-content\/uploads\/2025\/05\/02-300x225.jpg 300w, https:\/\/www.gymbrv.de\/wp-content\/uploads\/2025\/05\/02-100x75.jpg 100w\" sizes=\"(max-width: 400px) 100vw, 400px\" \/><figcaption class=\"wp-element-caption\">Die franz\u00f6sische Gruppe mit ihrer Lehrkraft Nadia Bachmar und Jean Curial sowie Lars Hellwinkel als Mitwirkender der Gedenkst\u00e4tte Sandbostel<\/figcaption><\/figure><\/div>\n\n\n<p>Unter den zahlreichen Teilnehmenden befanden sich auf der letzten Etappe von Oerel nach Sandbostel auch drei Sch\u00fclerinnen des Gymnasiums Bremerv\u00f6rde aus der Klasse 9b. Sie haben eine Gruppe franz\u00f6sischer Sch\u00fclerinnen und Sch\u00fcler begleitet, die gemeinsam mit ihrer Lehrkraft Nadia Bachmar und Jean Curial, Sohn eines KZ-H\u00e4ftlings, alle vier Etappen des Gedenkmarsches gelaufen sind. Ger\u00fchrt, sowohl von dem \u201efurchtbaren Weg der KZ-H\u00e4ftlinge\u201c als auch von der aktiven Erinnerungskultur, haben die drei Sch\u00fclerinnen viele Details von der vererbten Familiengeschichte Jean Curials erfahren. Nicht zuletzt stand f\u00fcr die drei auch der unterhaltsame Austausch mit den franz\u00f6sischen Sch\u00fclerinnen und Sch\u00fclern im Vordergrund.<\/p>\n","protected":false},"excerpt":{"rendered":"<p>Der Gedenkmarsch \u201eSteps to remember\u201c  ist eine Reise in die Vergangenheit, die an den grausamen Todesmarsches der KZ-H\u00e4ftlinge in den letzten Wochen des Zweiten Weltkrieges erinnert.<\/p>\n","protected":false},"author":1,"featured_media":4318,"comment_status":"closed","ping_status":"open","sticky":false,"template":"","format":"standard","meta":{"footnotes":""},"categories":[1,4],"tags":[],"_links":{"self":[{"href":"https:\/\/www.gymbrv.de\/index.php\/wp-json\/wp\/v2\/posts\/4317"}],"collection":[{"href":"https:\/\/www.gymbrv.de\/index.php\/wp-json\/wp\/v2\/posts"}],"about":[{"href":"https:\/\/www.gymbrv.de\/index.php\/wp-json\/wp\/v2\/types\/post"}],"author":[{"embeddable":true,"href":"https:\/\/www.gymbrv.de\/index.php\/wp-json\/wp\/v2\/users\/1"}],"replies":[{"embeddable":true,"href":"https:\/\/www.gymbrv.de\/index.php\/wp-json\/wp\/v2\/comments?post=4317"}],"version-history":[{"count":3,"href":"https:\/\/www.gymbrv.de\/index.php\/wp-json\/wp\/v2\/posts\/4317\/revisions"}],"predecessor-version":[{"id":4326,"href":"https:\/\/www.gymbrv.de\/index.php\/wp-json\/wp\/v2\/posts\/4317\/revisions\/4326"}],"wp:featuredmedia":[{"embeddable":true,"href":"https:\/\/www.gymbrv.de\/index.php\/wp-json\/wp\/v2\/media\/4318"}],"wp:attachment":[{"href":"https:\/\/www.gymbrv.de\/index.php\/wp-json\/wp\/v2\/media?parent=4317"}],"wp:term":[{"taxonomy":"category","embeddable":true,"href":"https:\/\/www.gymbrv.de\/index.php\/wp-json\/wp\/v2\/categories?post=4317"},{"taxonomy":"post_tag","embeddable":true,"href":"https:\/\/www.gymbrv.de\/index.php\/wp-json\/wp\/v2\/tags?post=4317"}],"curies":[{"name":"wp","href":"https:\/\/api.w.org\/{rel}","templated":true}]}}