{"id":4331,"date":"2025-06-08T17:31:11","date_gmt":"2025-06-08T15:31:11","guid":{"rendered":"https:\/\/www.gymbrv.de\/?p=4331"},"modified":"2025-06-08T17:31:11","modified_gmt":"2025-06-08T15:31:11","slug":"wege-nach-dem-abitur-orientierung-bei-den-berufsinformationstagen","status":"publish","type":"post","link":"https:\/\/www.gymbrv.de\/index.php\/2025\/06\/08\/wege-nach-dem-abitur-orientierung-bei-den-berufsinformationstagen\/","title":{"rendered":"Wege nach dem Abitur: Orientierung bei den Berufsinformationstagen"},"content":{"rendered":"\n<p>Am 27. und 28.M\u00e4rz haben wir Sch\u00fcler des 11. Jahrgangs die Berufsinformationstage am St.-Viti-Gymnasium in Zeven besucht. Ziel war es uns Sch\u00fclerinnen und Sch\u00fclern verschiedene Studieng\u00e4nge und Ausbildungsberufe vorzustellen und n\u00e4herzubringen.<\/p>\n\n\n\n<p>In der Aula hat der Schulleiter des St. Viti Gymnasiums freundlich die elften Klassen aus Zeven, Bremerv\u00f6rde und Sittensen begr\u00fc\u00dft. Anschlie\u00dfend stellte Tim Kosmata seine Berufslaufbahn nach dem Abitur vor. Dabei ermutigte er uns berufliche Chancen ohne Z\u00f6gern zu ergreifen, um Erfahrungen zu sammeln und unsere Leidenschaft zu finden.<\/p>\n\n\n\n<p>W\u00e4hrend der zwei Tage konnten wir Sch\u00fcler im Voraus aus zw\u00f6lf Zeitfenstern jeweils sieben Vortr\u00e4gen w\u00e4hlen, die unser Interesse weckten. Es wurde darauf geachtet, dass pro Zeitspanne eine Vielzahl an Bereichen gedeckt wird. Von Lehramt bis Maschinenbau war alles vertreten. Dementsprechend wurde besonders positiv die Vielfalt der Angebote wahrgenommen.<\/p>\n\n\n\n<p>In Erinnerung ist uns der Begr\u00fc\u00dfungsvortrag am zweiten Tag von Carsten Deter geblieben. Er hat uns seinen Vielseitigen Berufsweg zum Personalleiter bei Fricke erz\u00e4hlt und wollte uns vor allem eines mit auf den Weg geben: Es ist okay falls wir nicht direkt unseren Traumberuf finden und uns neu orientieren m\u00fcssen. Das sei v\u00f6llig normal und auch erforderlich um seine S\u00e4rken und Schw\u00e4chen zu erkennen.<\/p>\n\n\n\n<p>(Tessa und Nele, 11c)<\/p>\n","protected":false},"excerpt":{"rendered":"<p>Am 27. und 28.M\u00e4rz haben wir Sch\u00fcler des 11. Jahrgangs die Berufsinformationstage in Zeven besucht. Ziel war es uns Sch\u00fclerinnen und Sch\u00fclern verschiedene Studieng\u00e4nge und Ausbildungsberufe vorzustellen und n\u00e4herzubringen.<\/p>\n","protected":false},"author":1,"featured_media":0,"comment_status":"closed","ping_status":"open","sticky":false,"template":"","format":"standard","meta":{"footnotes":""},"categories":[1,4],"tags":[],"_links":{"self":[{"href":"https:\/\/www.gymbrv.de\/index.php\/wp-json\/wp\/v2\/posts\/4331"}],"collection":[{"href":"https:\/\/www.gymbrv.de\/index.php\/wp-json\/wp\/v2\/posts"}],"about":[{"href":"https:\/\/www.gymbrv.de\/index.php\/wp-json\/wp\/v2\/types\/post"}],"author":[{"embeddable":true,"href":"https:\/\/www.gymbrv.de\/index.php\/wp-json\/wp\/v2\/users\/1"}],"replies":[{"embeddable":true,"href":"https:\/\/www.gymbrv.de\/index.php\/wp-json\/wp\/v2\/comments?post=4331"}],"version-history":[{"count":2,"href":"https:\/\/www.gymbrv.de\/index.php\/wp-json\/wp\/v2\/posts\/4331\/revisions"}],"predecessor-version":[{"id":4333,"href":"https:\/\/www.gymbrv.de\/index.php\/wp-json\/wp\/v2\/posts\/4331\/revisions\/4333"}],"wp:attachment":[{"href":"https:\/\/www.gymbrv.de\/index.php\/wp-json\/wp\/v2\/media?parent=4331"}],"wp:term":[{"taxonomy":"category","embeddable":true,"href":"https:\/\/www.gymbrv.de\/index.php\/wp-json\/wp\/v2\/categories?post=4331"},{"taxonomy":"post_tag","embeddable":true,"href":"https:\/\/www.gymbrv.de\/index.php\/wp-json\/wp\/v2\/tags?post=4331"}],"curies":[{"name":"wp","href":"https:\/\/api.w.org\/{rel}","templated":true}]}}