{"id":4476,"date":"2025-12-11T15:49:30","date_gmt":"2025-12-11T14:49:30","guid":{"rendered":"https:\/\/www.gymbrv.de\/?p=4476"},"modified":"2025-12-11T15:49:30","modified_gmt":"2025-12-11T14:49:30","slug":"eislaufen-mit-dem-7-jahrgang","status":"publish","type":"post","link":"https:\/\/www.gymbrv.de\/index.php\/2025\/12\/11\/eislaufen-mit-dem-7-jahrgang\/","title":{"rendered":"Eislaufen mit dem 7. Jahrgang"},"content":{"rendered":"\n<p>Am Dienstag, dem 2. Dezember 2025, machte sich der gesamte 7. Jahrgang des Gymnasiums Bremerv\u00f6rde gemeinsam mit den Sportlehrkr\u00e4ften Herrn Wurster, Frau Verhoeven und Frau Ratke sowie Frau Tiemann auf den Weg zur Eissporthalle nach Harsefeld. Ziel des Ausflugs war es, gem\u00e4\u00df den Vorgaben des Sportcurriculums das Gleiten auf dem Eis praktisch zu erproben.<\/p>\n\n\n<div class=\"wp-block-image\">\n<figure class=\"alignleft size-full\"><img loading=\"lazy\" decoding=\"async\" width=\"400\" height=\"300\" src=\"https:\/\/www.gymbrv.de\/wp-content\/uploads\/2025\/12\/Eislauf.jpeg\" alt=\"\" class=\"wp-image-4477\" srcset=\"https:\/\/www.gymbrv.de\/wp-content\/uploads\/2025\/12\/Eislauf.jpeg 400w, https:\/\/www.gymbrv.de\/wp-content\/uploads\/2025\/12\/Eislauf-300x225.jpeg 300w, https:\/\/www.gymbrv.de\/wp-content\/uploads\/2025\/12\/Eislauf-100x75.jpeg 100w\" sizes=\"(max-width: 400px) 100vw, 400px\" \/><\/figure><\/div>\n\n\n<p>An diesem Tag zeigte sich das Wetter wenig winterlich: Statt Schnee erwarteten die Gruppe etwas Regen und eher herbstliche Temperaturen. In der Eishalle selbst herrschten dagegen eiskalte 3 \u00b0C. Doch dank Musik, tollen Pirouetten und schnellen Fangspielen wurde allen schnell warm und die Stimmung war ausgelassen.<\/p>\n\n\n\n<p>Im Vorfeld hatten die Klassen im Unterricht das Thema Helmpflicht und den Sinn von Schutzhelmen beim Eislaufen besprochen. In der Eishalle war das Tragen eines Helms sogar f\u00fcr die Lehrkr\u00e4fte verpflichtend. Durch die vorherige Thematisierung akzeptierten jedoch alle diese Regel problemlos, sodass Sicherheit f\u00fcr alle selbstverst\u00e4ndlich war.<\/p>\n\n\n\n<p>Nach dem Ausleihen der Schlittschuhe ging es auf die exklusiv f\u00fcr den Jahrgang reservierte Eisfl\u00e4che. Dort wurde eifrig ausprobiert, ge\u00fcbt und gelacht: Manche glitten sicher \u00fcber das Eis, andere wagten ihre ersten Schritte und sammelten mutig neue Erfahrungen. Schnell wurden Fortschritte sichtbar \u2013 von Schlangenlinien \u00fcber vorsichtiges R\u00fcckw\u00e4rtsfahren bis hin zu ersten kleinen Pirouetten.<\/p>\n\n\n\n<p>Ein besonderes Highlight war f\u00fcr viele der Kiosk der Eishalle: Pommes und warmer Kakao erfreuten sich gro\u00dfer Beliebtheit und sorgten f\u00fcr zus\u00e4tzliche Energie.<\/p>\n\n\n\n<p>Mittags fuhr der Jahrgang \u2013 zufrieden, aufgeweckt und mit vielen sch\u00f6nen Eindr\u00fccken \u2013 zur\u00fcck nach Bremerv\u00f6rde.<\/p>\n","protected":false},"excerpt":{"rendered":"<p>Ein sportlicher Wintertag in Harsefeld<\/p>\n","protected":false},"author":1,"featured_media":4477,"comment_status":"closed","ping_status":"open","sticky":false,"template":"","format":"standard","meta":{"footnotes":""},"categories":[1],"tags":[],"_links":{"self":[{"href":"https:\/\/www.gymbrv.de\/index.php\/wp-json\/wp\/v2\/posts\/4476"}],"collection":[{"href":"https:\/\/www.gymbrv.de\/index.php\/wp-json\/wp\/v2\/posts"}],"about":[{"href":"https:\/\/www.gymbrv.de\/index.php\/wp-json\/wp\/v2\/types\/post"}],"author":[{"embeddable":true,"href":"https:\/\/www.gymbrv.de\/index.php\/wp-json\/wp\/v2\/users\/1"}],"replies":[{"embeddable":true,"href":"https:\/\/www.gymbrv.de\/index.php\/wp-json\/wp\/v2\/comments?post=4476"}],"version-history":[{"count":1,"href":"https:\/\/www.gymbrv.de\/index.php\/wp-json\/wp\/v2\/posts\/4476\/revisions"}],"predecessor-version":[{"id":4478,"href":"https:\/\/www.gymbrv.de\/index.php\/wp-json\/wp\/v2\/posts\/4476\/revisions\/4478"}],"wp:featuredmedia":[{"embeddable":true,"href":"https:\/\/www.gymbrv.de\/index.php\/wp-json\/wp\/v2\/media\/4477"}],"wp:attachment":[{"href":"https:\/\/www.gymbrv.de\/index.php\/wp-json\/wp\/v2\/media?parent=4476"}],"wp:term":[{"taxonomy":"category","embeddable":true,"href":"https:\/\/www.gymbrv.de\/index.php\/wp-json\/wp\/v2\/categories?post=4476"},{"taxonomy":"post_tag","embeddable":true,"href":"https:\/\/www.gymbrv.de\/index.php\/wp-json\/wp\/v2\/tags?post=4476"}],"curies":[{"name":"wp","href":"https:\/\/api.w.org\/{rel}","templated":true}]}}