{"id":4547,"date":"2026-01-28T19:28:36","date_gmt":"2026-01-28T18:28:36","guid":{"rendered":"https:\/\/www.gymbrv.de\/?p=4547"},"modified":"2026-03-24T11:24:29","modified_gmt":"2026-03-24T10:24:29","slug":"tag-der-offenen-tuer-schnuppertag-fuer-viertklaessler-am-4-3-26","status":"publish","type":"post","link":"https:\/\/www.gymbrv.de\/index.php\/2026\/01\/28\/tag-der-offenen-tuer-schnuppertag-fuer-viertklaessler-am-4-3-26\/","title":{"rendered":"Tag der offenen T\u00fcr &#8211; &#8222;Schnuppertag&#8220; f\u00fcr Viertkl\u00e4ssler"},"content":{"rendered":"\n<p>Das Gymnasium Bremerv\u00f6rde veranstaltet f\u00fcr alle interessierten Viertkl\u00e4ssler am<\/p>\n\n\n\n<p class=\"has-text-align-center\"><strong>Mittwoch, 04.03.2026 einen \u201eSchnuppertag\u201c<\/strong><\/p>\n\n\n\n<p>An diesem Tag k\u00f6nnen Ihre Kinder von 8.30 Uhr bis etwa 13.00 Uhr unsere Schule kennenlernen.<\/p>\n\n\n\n<p class=\"has-text-align-center\"><strong>Begr\u00fc\u00dfung: 8.30 Uhr in der Aula<\/strong><br><strong>Der Ablauf wird erkl\u00e4rt.<\/strong><\/p>\n\n\n\n<ul>\n<li>Die Fachschaften Franz\u00f6sisch und Latein bieten Schnupperunterricht an.<br>Ihre Kinder erleben eine Einf\u00fchrungsstunde in die neue Sprache.<\/li>\n\n\n\n<li>Die naturwissenschaftlichen F\u00e4cher zeigen Experimentalunterricht.<\/li>\n\n\n\n<li>Wir bieten eine Stunde Deutsch an.<\/li>\n\n\n\n<li>Die Fachschaft Musik bietet einen Zirkel mit den Musikinstrumenten der Bl\u00e4serklasse zum Ausprobieren an.<\/li>\n\n\n\n<li>Es gibt viele spannende Informationen \u00fcber die Bl\u00e4serklasse und einen m\u00f6glichen bilingualen Unterricht ab Klasse 7.<\/li>\n\n\n\n<li>Sch\u00fcler der neunten Klasse zeigen Ihren Kindern in Kleingruppen die Schule.<\/li>\n<\/ul>\n\n\n\n<p>Der Tag der offenen T\u00fcr endet zwischen 12.30 Uhr und 13.00 Uhr.<\/p>\n\n\n\n<p><strong>Am Mittwochnachmittag, den 04.03.2026, \u00f6ffnet sich unsere Schule um 17 Uhr auch f\u00fcr die Eltern der Kinder.<\/strong><\/p>\n\n\n\n<p>Wir bieten Informationen f\u00fcr die neuen Sprachen, die Bl\u00e4serklasse, den bilingualen Unterricht und stehen Ihnen f\u00fcr R\u00fcckfragen gerne zur Verf\u00fcgung.<\/p>\n\n\n\n<p>Mit freundlichen Gr\u00fc\u00dfen<br>i.V. M. Leidig, OStR<\/p>\n","protected":false},"excerpt":{"rendered":"<p>Vormittags k\u00f6nnen Viertkl\u00e4ssler und nachmittags deren Eltern unsere Schule kennenlernen.<\/p>\n","protected":false},"author":1,"featured_media":0,"comment_status":"closed","ping_status":"open","sticky":false,"template":"","format":"standard","meta":{"footnotes":""},"categories":[6],"tags":[],"_links":{"self":[{"href":"https:\/\/www.gymbrv.de\/index.php\/wp-json\/wp\/v2\/posts\/4547"}],"collection":[{"href":"https:\/\/www.gymbrv.de\/index.php\/wp-json\/wp\/v2\/posts"}],"about":[{"href":"https:\/\/www.gymbrv.de\/index.php\/wp-json\/wp\/v2\/types\/post"}],"author":[{"embeddable":true,"href":"https:\/\/www.gymbrv.de\/index.php\/wp-json\/wp\/v2\/users\/1"}],"replies":[{"embeddable":true,"href":"https:\/\/www.gymbrv.de\/index.php\/wp-json\/wp\/v2\/comments?post=4547"}],"version-history":[{"count":3,"href":"https:\/\/www.gymbrv.de\/index.php\/wp-json\/wp\/v2\/posts\/4547\/revisions"}],"predecessor-version":[{"id":4553,"href":"https:\/\/www.gymbrv.de\/index.php\/wp-json\/wp\/v2\/posts\/4547\/revisions\/4553"}],"wp:attachment":[{"href":"https:\/\/www.gymbrv.de\/index.php\/wp-json\/wp\/v2\/media?parent=4547"}],"wp:term":[{"taxonomy":"category","embeddable":true,"href":"https:\/\/www.gymbrv.de\/index.php\/wp-json\/wp\/v2\/categories?post=4547"},{"taxonomy":"post_tag","embeddable":true,"href":"https:\/\/www.gymbrv.de\/index.php\/wp-json\/wp\/v2\/tags?post=4547"}],"curies":[{"name":"wp","href":"https:\/\/api.w.org\/{rel}","templated":true}]}}