{"id":860,"date":"2020-06-26T10:52:05","date_gmt":"2020-06-26T08:52:05","guid":{"rendered":"https:\/\/www.gymbrv.de\/?p=860"},"modified":"2021-02-21T13:44:38","modified_gmt":"2021-02-21T12:44:38","slug":"elternbrief-an-die-neuen-fuenften-klassen","status":"publish","type":"post","link":"https:\/\/www.gymbrv.de\/index.php\/2020\/06\/26\/elternbrief-an-die-neuen-fuenften-klassen\/","title":{"rendered":"Elternbrief an die &#8222;neuen f\u00fcnften Klassen&#8220;"},"content":{"rendered":"\n<p class=\"has-text-align-right\">Bremerv\u00f6rde, 25. Juni 2020<\/p>\n\n\n\n<p>Sehr geehrte Eltern unserer neuen Sch\u00fcler,<\/p>\n\n\n\n<p>wir freuen uns, Ihre Kinder bei uns am Gymnasium Bremerv\u00f6rde begr\u00fc\u00dfen zu d\u00fcrfen!<\/p>\n\n\n\n<p>Die Grundschulzeit neigt sich dem Ende und ein neuer, spannender Lebensabschnitt steht Ihren Kindern bevor.<\/p>\n\n\n\n<p>Der \u00dcbergang an unsere Schule wird durch unsere Einf\u00fchrungswoche f\u00fcr den neuen 5. Jahrgang eingel\u00e4utet. In dieser Zeit werden Ihre Kinder auf alle Klassenlehrer\/innen der neuen 5. Klasse treffen und von diesen in kurzen Einheiten begleitet. Sie werden die neue Schule erkunden, unsere Regeln und Rituale kennenlernen und noch viele andere Eindr\u00fccke und Erfahrungen mit nach Hause nehmen. Hierbei werden die Kinder auch von ihren Paten unterst\u00fctzt, die diese w\u00e4hrend der Begr\u00fc\u00dfungsfeier mit den neuen Klassenlehrer\/innen in Empfang nehmen werden.<\/p>\n\n\n\n<p><strong>Die Begr\u00fc\u00dfung und somit <\/strong><strong>der erste Schultag Ihres Kindes<\/strong><strong> beginnt am<\/strong><\/p>\n\n\n\n<p class=\"has-text-align-center\"><strong>MONTAG, 31. August 2020 um 9:00 Uhr<\/strong><\/p>\n\n\n\n<p><strong>in der Aula (V-Deck) des Gymnasiums Bremerv\u00f6rde und endet ca. 9:45 Uhr.<\/strong><\/p>\n\n\n\n<p>Der Schultag endet f\u00fcr Ihr Kind um 13:15 Uhr.<\/p>\n\n\n\n<p>Bitte beachten Sie unbedingt kurzfristige Ver\u00e4nderungen unserer Planungen sowie die M\u00f6glichkeit zur Teilnahme an der Begr\u00fc\u00dfung f\u00fcr die Eltern (ggf. Beschr\u00e4nkung der Personenzahl), die auf unserer Homepage www.gymbrv.de zu gegebener Zeit bekannt gegeben werden. Leider k\u00f6nnen wir nicht absch\u00e4tzen, ob etwaige Einschr\u00e4nkungen durch die Corona-Pandemie erfolgen und uns somit zu \u00c4nderungen oder Einschr\u00e4nkungen zwingen werden.<\/p>\n\n\n\n<p>Die Lehrer\/innen des Gymnasiums Bremerv\u00f6rde, und ganz besonders das Jahrgangsteam 5, freuen sich auf Ihre Kinder.<\/p>\n\n\n\n<p>Sollten Sie Fragen haben, wenden Sie sich bitte an Herrn Holler als Ihren zust\u00e4ndigen Koordinator.<\/p>\n\n\n\n<p>Mit freundlichen Gr\u00fc\u00dfen<\/p>\n\n\n\n<p>Dr. Uwe Strohbach, StD, komm. Schulleiter<br>Michael Holler, OStR, Schulfachlicher Koordinator<\/p>\n\n\n\n<div class=\"wp-block-file\"><a href=\"https:\/\/www.gymbrv.de\/wp-content\/uploads\/2020\/06\/Elternbrief_neue_5er.pdf\" class=\"wp-block-file__button\" download>Herunterladen<\/a><\/div>\n\n\n\n<p><\/p>\n","protected":false},"excerpt":{"rendered":"<p>Sehr geehrte Eltern unserer neuen Sch\u00fcler,<br \/>\nwir freuen uns, Ihre Kinder bei uns am Gymnasium Bremerv\u00f6rde begr\u00fc\u00dfen zu d\u00fcrfen!<\/p>\n","protected":false},"author":1,"featured_media":0,"comment_status":"closed","ping_status":"open","sticky":false,"template":"","format":"standard","meta":{"footnotes":""},"categories":[1,6],"tags":[],"_links":{"self":[{"href":"https:\/\/www.gymbrv.de\/index.php\/wp-json\/wp\/v2\/posts\/860"}],"collection":[{"href":"https:\/\/www.gymbrv.de\/index.php\/wp-json\/wp\/v2\/posts"}],"about":[{"href":"https:\/\/www.gymbrv.de\/index.php\/wp-json\/wp\/v2\/types\/post"}],"author":[{"embeddable":true,"href":"https:\/\/www.gymbrv.de\/index.php\/wp-json\/wp\/v2\/users\/1"}],"replies":[{"embeddable":true,"href":"https:\/\/www.gymbrv.de\/index.php\/wp-json\/wp\/v2\/comments?post=860"}],"version-history":[{"count":5,"href":"https:\/\/www.gymbrv.de\/index.php\/wp-json\/wp\/v2\/posts\/860\/revisions"}],"predecessor-version":[{"id":866,"href":"https:\/\/www.gymbrv.de\/index.php\/wp-json\/wp\/v2\/posts\/860\/revisions\/866"}],"wp:attachment":[{"href":"https:\/\/www.gymbrv.de\/index.php\/wp-json\/wp\/v2\/media?parent=860"}],"wp:term":[{"taxonomy":"category","embeddable":true,"href":"https:\/\/www.gymbrv.de\/index.php\/wp-json\/wp\/v2\/categories?post=860"},{"taxonomy":"post_tag","embeddable":true,"href":"https:\/\/www.gymbrv.de\/index.php\/wp-json\/wp\/v2\/tags?post=860"}],"curies":[{"name":"wp","href":"https:\/\/api.w.org\/{rel}","templated":true}]}}