{"id":867,"date":"2020-07-06T11:40:42","date_gmt":"2020-07-06T09:40:42","guid":{"rendered":"https:\/\/www.gymbrv.de\/?p=867"},"modified":"2021-02-21T13:44:38","modified_gmt":"2021-02-21T12:44:38","slug":"schreiben-des-kultusministers-vom-23-06-20","status":"publish","type":"post","link":"https:\/\/www.gymbrv.de\/index.php\/2020\/07\/06\/schreiben-des-kultusministers-vom-23-06-20\/","title":{"rendered":"Schreiben des Kultusministers vom 23.06.20"},"content":{"rendered":"\n<p><\/p>\n\n\n\n<p>Liebe Sch\u00fclerinnen und Sch\u00fcler,<\/p>\n\n\n\n<p>ein bewegtes Schuljahr, wie wir es so noch nie erlebt haben und welches uns alle vor besondere Herausforderungen gestellt hat, liegt hinter Ihnen und hinter euch.<\/p>\n\n\n\n<p>Die Corona-Pandemie hat starken Einfluss auf das zweite Schulhalbjahr genommen und somit auch auf Ihre und eure Pr\u00fcfungen und Abschl\u00fcsse, aber auch auf den Unterricht in der Schule und zu Hause.<\/p>\n\n\n\n<p>Ihr als Sch\u00fclerinnen und Sch\u00fcler der 5. und 6. Klassen seid erst seit wenigen Wochen wieder in der Schule. Damit wart ihr diejenigen, die am l\u00e4ngsten im &#8222;Lernen zu Hause&#8220; ausharren mussten, bevor ihr wieder in die Schule kommen durftet. Dies war eine echte Herausforderung. Eure Mitsch\u00fclerinnen und Mitsch\u00fcler aus den anderen Jahrg\u00e4ngen sind teilweise schon deutlich l\u00e4nger in der Schule und konnten sich an das Modell &#8222;Pr\u00e4senzunterricht &#8211; Lernen zu Hause&#8220; bereits etwas gew\u00f6hnen. Alle haben eine herausfordernde Zeit hinter sich und haben sich die Sommerferien mehr als verdient.<\/p>\n\n\n\n<p>Neben dem &#8222;Lernen zu Hause&#8220; waren die Abschluss- und Abiturpr\u00fcfungen sicherlich die gr\u00f6\u00dften Herausforderungen in diesem Schuljahr. Unter besonderen Bedingungen habt ihr euren Abschluss absolviert und Sie haben Ihr Abitur abgelegt &#8211; ich begl\u00fcckw\u00fcnsche Sie und euch zu den erfolgreichen Ergebnissen und danke allen, dass diese Herausforderung angenommen wurde. Ihre und eure Abschluss- sowie Ihre Abiturzeugnisse und die Zeugnisse und Lernentwicklungsberichte generell sind sicherlich etwas Besonderes. Mit Stolz k\u00f6nnen Sie und k\u00f6nnt ihr auf diese Leistungen blicken.<\/p>\n\n\n\n<p>Bei allen Schwierigkeiten, die diese Zeit f\u00fcr viele mit sich gebracht hat, m\u00f6chte ich aber auch alle ermutigen, das Positive in dieser Krise zu sehen: Die letzten Wochen haben gezeigt, dass wir in Sachen Unterrichtsgestaltung auch kreative andere Wege gehen k\u00f6nnen &#8211; nicht nur durch herk\u00f6mmlichen Unterricht im Klassenraum, sondern auch durch Unterricht per Video und mit entsprechendem Material zu Hause. Diese Erfahrungen sollten wir uns alle bewahren und vielleicht in anderer Form ausbauen und weiterentwickeln.<\/p>\n\n\n\n<p>Wir schauen nach vorne und hoffen, dass das n\u00e4chste Schuljahr wieder &#8222;normal&#8220; verlaufen mag. Jetzt stehen zun\u00e4chst aber die Sommerferien und f\u00fcr viele von Ihnen und euch auch ein neuer Lebensabschnitt in Ausbildung, Beruf und Studium vor der T\u00fcr und ich w\u00fcnsche allen eine sch\u00f6ne und erholsame Ferienzeit.<\/p>\n\n\n\n<p>Herzliche Gr\u00fc\u00dfe<\/p>\n\n\n\n<div class=\"wp-block-file\"><a href=\"https:\/\/www.gymbrv.de\/wp-content\/uploads\/2020\/07\/km200623.pdf\" class=\"wp-block-file__button\" download>Herunterladen<\/a><\/div>\n\n\n\n<p><\/p>\n","protected":false},"excerpt":{"rendered":"<p>Ein bewegtes Schuljahr, wie wir es so noch nie erlebt haben und welches uns alle vor besondere Herausforderungen gestellt hat, liegt hinter Ihnen und hinter euch.<\/p>\n","protected":false},"author":1,"featured_media":0,"comment_status":"closed","ping_status":"open","sticky":false,"template":"","format":"standard","meta":{"footnotes":""},"categories":[1,6],"tags":[],"_links":{"self":[{"href":"https:\/\/www.gymbrv.de\/index.php\/wp-json\/wp\/v2\/posts\/867"}],"collection":[{"href":"https:\/\/www.gymbrv.de\/index.php\/wp-json\/wp\/v2\/posts"}],"about":[{"href":"https:\/\/www.gymbrv.de\/index.php\/wp-json\/wp\/v2\/types\/post"}],"author":[{"embeddable":true,"href":"https:\/\/www.gymbrv.de\/index.php\/wp-json\/wp\/v2\/users\/1"}],"replies":[{"embeddable":true,"href":"https:\/\/www.gymbrv.de\/index.php\/wp-json\/wp\/v2\/comments?post=867"}],"version-history":[{"count":1,"href":"https:\/\/www.gymbrv.de\/index.php\/wp-json\/wp\/v2\/posts\/867\/revisions"}],"predecessor-version":[{"id":869,"href":"https:\/\/www.gymbrv.de\/index.php\/wp-json\/wp\/v2\/posts\/867\/revisions\/869"}],"wp:attachment":[{"href":"https:\/\/www.gymbrv.de\/index.php\/wp-json\/wp\/v2\/media?parent=867"}],"wp:term":[{"taxonomy":"category","embeddable":true,"href":"https:\/\/www.gymbrv.de\/index.php\/wp-json\/wp\/v2\/categories?post=867"},{"taxonomy":"post_tag","embeddable":true,"href":"https:\/\/www.gymbrv.de\/index.php\/wp-json\/wp\/v2\/tags?post=867"}],"curies":[{"name":"wp","href":"https:\/\/api.w.org\/{rel}","templated":true}]}}