{"id":879,"date":"2020-07-16T17:18:29","date_gmt":"2020-07-16T15:18:29","guid":{"rendered":"https:\/\/www.gymbrv.de\/?p=879"},"modified":"2021-02-21T13:44:38","modified_gmt":"2021-02-21T12:44:38","slug":"gymnasium-bremervoerde-erneut-ausgezeichnet-als-humanitaere-schule","status":"publish","type":"post","link":"https:\/\/www.gymbrv.de\/index.php\/2020\/07\/16\/gymnasium-bremervoerde-erneut-ausgezeichnet-als-humanitaere-schule\/","title":{"rendered":"Gymnasium Bremerv\u00f6rde erneut ausgezeichnet als \u201eHumanit\u00e4re Schule\u201c"},"content":{"rendered":"\n<p>Trotz der widrigen Umst\u00e4nde in diesem \u201eCorona\u201c-Jahr ist es erneut gelungen: Das Gymnasium Bremerv\u00f6rde wurde zum zweiten Mal ausgezeichnet mit dem Titel \u201eHumanit\u00e4re Schule\u201c!<\/p>\n\n\n\n<p>Das von der Kampagne des JRK Niedersachsen unter der Schirmherrschaft von Gerda Hasselfeldt&nbsp; vergebene Zertifikat (siehe <a href=\"https:\/\/www.humanitaereschule.de\/\">https:\/\/www.humanitaereschule.de\/<\/a>) konnte unserer Schule dank der Initiative von Jakob Wolff (10b) und Edo Wegner (9c) erneut verliehen werden.<\/p>\n\n\n\n<p>Dabei spielten die beiden Sch\u00fcler eine zentrale und verantwortliche Rolle. In einem ersten Schritt lie\u00dfen sie sich an langen Tagen in einem Wochenendseminar in Einbeck zu humanit\u00e4ren Scouts ausbilden &#8211; eine Voraussetzung, um in einer ersten Projektphase das aufwendige mehrt\u00e4gige Planspiel \u201eh.e.l.p.\u201c an der Schule durchf\u00fchren zu k\u00f6nnen. In diesem Spiel geht es um einen fiktiven humanit\u00e4ren Konflikt, den die Sch\u00fclerinnen und Sch\u00fcler l\u00f6sen m\u00fcssen. Schnell wurden auch den 20 Teilnehmenden aus der 10b, die dieses Mal das Spiel unter Leitung von Jakob und Edo durchf\u00fchrten, die Komplexit\u00e4t und auch die Schwierigkeiten bewusst, wie sie auch regelm\u00e4\u00dfig auf internationalem Parkett zutage treten. Trotzdem konnte nach zwei Tagen intensiver Verhandlungen eine Befriedung erzielt werden.<\/p>\n\n\n\n<div class=\"wp-block-image\"><figure class=\"alignleft size-large\"><img loading=\"lazy\" decoding=\"async\" width=\"922\" height=\"361\" src=\"https:\/\/www.gymbrv.de\/wp-content\/uploads\/2020\/07\/Bild_help_2020.jpg\" alt=\"\" class=\"wp-image-880\"\/><figcaption>Schwierige Verhandlungen zwischen den Delegationen: Wie findet man nur eine L\u00f6sung in dem humanit\u00e4ren Konflikt?<br>(Sch\u00fclerinnen und Sch\u00fcler der Klasse 10b im Planspiel &#8222;h.e.l.p.&#8220; unter Leitung der Scouts Jakob und Edo)<\/figcaption><\/figure><\/div>\n\n\n\n<p>Der n\u00e4chste Schritt zur Erlangung des Zertifikats, die Durchf\u00fchrung eines humanit\u00e4ren Projekts an der Schule, wurde dann leider von der Pandemie durchkreuzt. Immerhin konnten die beiden Scouts noch erste Pl\u00e4ne ausarbeiten und der Kampagne dar\u00fcber berichten. Geplant war ein Spendenlauf, dessen Spenden f\u00fcr ein B\u00fcndnis zur Unterst\u00fctzung der zivilen Seenotrettung eingesetzt werden sollten.<\/p>\n\n\n\n<p>Das Engagement aller Beteiligten hat die Kampagnenverantwortlichen dann auch \u00fcberzeugt. Ende Juni durften wir das begehrte Zertifikat zum zweiten Mal entgegennehmen!<\/p>\n\n\n\n<p>Ein herzlicher Dank gilt vor allem denjenigen, die dabei Verantwortung \u00fcbernommen oder einfach mitgeholfen haben, allen voran unseren Scouts, Jakob und Edo, sowie den Teilnehmenden der 10b!<\/p>\n","protected":false},"excerpt":{"rendered":"<p>Trotz der widrigen Umst\u00e4nde in diesem \u201eCorona\u201c-Jahr ist es erneut gelungen: Das Gymnasium Bremerv\u00f6rde wurde zum zweiten Mal ausgezeichnet mit dem Titel \u201eHumanit\u00e4re Schule\u201c! Das<\/p>\n","protected":false},"author":2,"featured_media":962,"comment_status":"closed","ping_status":"open","sticky":false,"template":"","format":"standard","meta":{"footnotes":""},"categories":[1,4],"tags":[],"_links":{"self":[{"href":"https:\/\/www.gymbrv.de\/index.php\/wp-json\/wp\/v2\/posts\/879"}],"collection":[{"href":"https:\/\/www.gymbrv.de\/index.php\/wp-json\/wp\/v2\/posts"}],"about":[{"href":"https:\/\/www.gymbrv.de\/index.php\/wp-json\/wp\/v2\/types\/post"}],"author":[{"embeddable":true,"href":"https:\/\/www.gymbrv.de\/index.php\/wp-json\/wp\/v2\/users\/2"}],"replies":[{"embeddable":true,"href":"https:\/\/www.gymbrv.de\/index.php\/wp-json\/wp\/v2\/comments?post=879"}],"version-history":[{"count":1,"href":"https:\/\/www.gymbrv.de\/index.php\/wp-json\/wp\/v2\/posts\/879\/revisions"}],"predecessor-version":[{"id":881,"href":"https:\/\/www.gymbrv.de\/index.php\/wp-json\/wp\/v2\/posts\/879\/revisions\/881"}],"wp:featuredmedia":[{"embeddable":true,"href":"https:\/\/www.gymbrv.de\/index.php\/wp-json\/wp\/v2\/media\/962"}],"wp:attachment":[{"href":"https:\/\/www.gymbrv.de\/index.php\/wp-json\/wp\/v2\/media?parent=879"}],"wp:term":[{"taxonomy":"category","embeddable":true,"href":"https:\/\/www.gymbrv.de\/index.php\/wp-json\/wp\/v2\/categories?post=879"},{"taxonomy":"post_tag","embeddable":true,"href":"https:\/\/www.gymbrv.de\/index.php\/wp-json\/wp\/v2\/tags?post=879"}],"curies":[{"name":"wp","href":"https:\/\/api.w.org\/{rel}","templated":true}]}}