{"id":891,"date":"2020-08-25T18:12:59","date_gmt":"2020-08-25T16:12:59","guid":{"rendered":"https:\/\/www.gymbrv.de\/?p=891"},"modified":"2021-02-21T13:44:38","modified_gmt":"2021-02-21T12:44:38","slug":"mitteilungen-aus-der-schule-25-08-20","status":"publish","type":"post","link":"https:\/\/www.gymbrv.de\/index.php\/2020\/08\/25\/mitteilungen-aus-der-schule-25-08-20\/","title":{"rendered":"Mitteilungen aus der Schule (25.08.20)"},"content":{"rendered":"\n<div class=\"wp-block-file\"><a href=\"https:\/\/www.gymbrv.de\/wp-content\/uploads\/2020\/08\/Schulmitteilungen-2020-21-2.pdf\" class=\"wp-block-file__button\" download>PDF herunterladen<\/a><\/div>\n\n\n\n<p>Liebe Erziehungsberechtigte, liebe Sch\u00fclerinnen und Sch\u00fcler,<\/p>\n\n\n\n<p>wir hoffen, dass Sie trotz der Reiseeinschr\u00e4nkungen erholsame Ferien verbringen konnten. Am Donnerstag, 27.08.2020 beginnt mit allen Lerngruppen in voller Sch\u00fclerzahl das neue Schuljahr, welches nach wie vor stark durch Ma\u00dfnahmen zum Schutz gegen das Corona-Virus gepr\u00e4gt sein wird.<\/p>\n\n\n\n<p>Au\u00dferhalb der Unterrichtsr\u00e4ume ist nunmehr das Tragen einer Mund-Nasen-Maske Pflicht f\u00fcr alle! Auch Besucher d\u00fcrfen das Geb\u00e4ude nur noch mit einer Mund-Nasen-Maske unter Einhaltung der Abstandsregel betreten, zudem m\u00fcssen alle Besucher protokolliert werden. Diese Vorgaben werden sich besonders bei der Durchf\u00fchrung der anstehenden Elternabende auswirken, wahrscheinlich werden wir diese in der Schulaula durchf\u00fchren m\u00fcssen, so dass wir drei Wochen ben\u00f6tigen werden, um alle Klassen abzudecken.<\/p>\n\n\n\n<p>Die \u00fcberarbeiteten Hygiene-Ma\u00dfnahmen werden noch vor Beginn des Unterrichts auf die Homepage hochgeladen. Wir bitten alle Erziehungsberechtigten und Sch\u00fcler*Innen diese zu lesen.<\/p>\n\n\n\n<p>Die Unterrichtsverteilung f\u00fcr das kommende Schuljahr steht. Wo m\u00f6glich, haben wir nach dem Kontinuit\u00e4tsprinzip die Lehrkr\u00e4fte in den Lerngruppen beibehalten. Leider war das nicht f\u00fcr alle Lerngruppen realisierbar. F\u00fcr die F\u00e4cher Kunst und Sport haben wir zurzeit nicht gen\u00fcgend Lehrkr\u00e4fte f\u00fcr den Pr\u00e4senzunterricht, so dass diese beiden F\u00e4cher in bestimmten Jahrg\u00e4ngen epochal unterrichtet werden.<\/p>\n\n\n\n<p>Einige Lehrkr\u00e4fte werden weiterhin keinen Pr\u00e4senzunterricht erteilen. Der Online-Unterricht wird im Stundenplan am Vormittag integriert. Wir stellen somit sicher, dass alle Sch\u00fcler*Innen aus der Schule heraus mit der Lehrkraft kommunizieren k\u00f6nnen, dass es nicht zu zus\u00e4tzlichen \u201eNachmittagseinheiten\u201c kommt und dass die Lehrkr\u00e4fte einen verbindlichen Tagesablauf bekommen. In Hinsicht auf die Bewertungskriterien f\u00fcr diesen Online-Unterricht liegen aus dem Kultusministerium noch keine Vorgaben vor. Wir werden diese aber sofort ver\u00f6ffentlichen, sobald wir entsprechende Informationen erhalten.<\/p>\n\n\n\n<p>Bereits vor den Sommerferien haben wir \u00fcber den F\u00f6rderverein 14 Tablets erhalten, durch den Landkreis Rotenburg sind weitere 34 hinzugekommen, die wir an Sch\u00fcler*Innen verleihen k\u00f6nnen, die \u00fcber keine entsprechenden Endger\u00e4te verf\u00fcgen. F\u00fcr die Ausleihe der Ger\u00e4te ist Hr. Leidig verantwortlich, bitte beachten Sie dazu auch die Informationen auf der Homepage.<\/p>\n\n\n\n<p>Die Einschulung der neuen F\u00fcnftkl\u00e4ssler*Innen muss am Montag, 31.08.2020 ab 9:00 Uhr Corona bedingt leider in eingeschr\u00e4nkter Form erfolgen: pro F\u00fcnftkl\u00e4ssler kann nur ein Erziehungsberechtigter teilnehmen!<\/p>\n\n\n\n<p>Sch\u00fctzen Sie sich vor Corona! Bleiben Sie gesund! Mit den besten W\u00fcnschen dazu<\/p>\n\n\n\n<p>Dr. Uwe Strohbach<br>(StD, komm. Schulleiter, im Namen der erweiterten Schulleitung)<\/p>\n","protected":false},"excerpt":{"rendered":"<p>Am Donnerstag, 27.08.2020 beginnt mit allen Lerngruppen in voller Sch\u00fclerzahl das neue Schuljahr, welches nach wie vor stark durch Ma\u00dfnahmen zum Schutz gegen das Corona-Virus gepr\u00e4gt sein wird.<\/p>\n","protected":false},"author":1,"featured_media":0,"comment_status":"closed","ping_status":"open","sticky":false,"template":"","format":"standard","meta":{"footnotes":""},"categories":[1,6],"tags":[],"_links":{"self":[{"href":"https:\/\/www.gymbrv.de\/index.php\/wp-json\/wp\/v2\/posts\/891"}],"collection":[{"href":"https:\/\/www.gymbrv.de\/index.php\/wp-json\/wp\/v2\/posts"}],"about":[{"href":"https:\/\/www.gymbrv.de\/index.php\/wp-json\/wp\/v2\/types\/post"}],"author":[{"embeddable":true,"href":"https:\/\/www.gymbrv.de\/index.php\/wp-json\/wp\/v2\/users\/1"}],"replies":[{"embeddable":true,"href":"https:\/\/www.gymbrv.de\/index.php\/wp-json\/wp\/v2\/comments?post=891"}],"version-history":[{"count":4,"href":"https:\/\/www.gymbrv.de\/index.php\/wp-json\/wp\/v2\/posts\/891\/revisions"}],"predecessor-version":[{"id":896,"href":"https:\/\/www.gymbrv.de\/index.php\/wp-json\/wp\/v2\/posts\/891\/revisions\/896"}],"wp:attachment":[{"href":"https:\/\/www.gymbrv.de\/index.php\/wp-json\/wp\/v2\/media?parent=891"}],"wp:term":[{"taxonomy":"category","embeddable":true,"href":"https:\/\/www.gymbrv.de\/index.php\/wp-json\/wp\/v2\/categories?post=891"},{"taxonomy":"post_tag","embeddable":true,"href":"https:\/\/www.gymbrv.de\/index.php\/wp-json\/wp\/v2\/tags?post=891"}],"curies":[{"name":"wp","href":"https:\/\/api.w.org\/{rel}","templated":true}]}}