{"id":986,"date":"2020-10-21T11:23:49","date_gmt":"2020-10-21T09:23:49","guid":{"rendered":"https:\/\/www.gymbrv.de\/?p=986"},"modified":"2021-02-21T13:42:19","modified_gmt":"2021-02-21T12:42:19","slug":"mitteilungen-aus-der-schule-20-10-20","status":"publish","type":"post","link":"https:\/\/www.gymbrv.de\/index.php\/2020\/10\/21\/mitteilungen-aus-der-schule-20-10-20\/","title":{"rendered":"Mitteilungen aus der Schule (20.10.20)"},"content":{"rendered":"\n<div class=\"wp-block-file\"><a href=\"https:\/\/www.gymbrv.de\/wp-content\/uploads\/2020\/10\/Schulmitteilungen-2020-21-5.pdf\" class=\"wp-block-file__button\" download>PDF Herunterladen<\/a><\/div>\n\n\n\n<p>Liebe Erziehungsberechtigte, liebe Sch\u00fclerinnen und Sch\u00fcler,<\/p>\n\n\n\n<p>in der letzten Woche vor den Herbstferien hat uns eine Corona-Infektion ereilt, eine Sch\u00fclerin aus dem 7. Jahrgang ist betroffen. Wir w\u00fcnschen ihr, dass die Infektion ohne Komplikationen verl\u00e4uft und sie nach den Herbstferien wieder die Schule besuchen kann.<\/p>\n\n\n\n<p>Im Rahmen dieser Infektion kam es zu einer ganzen Reihe von Unklarheiten, die ich kurz betrachten m\u00f6chte:<\/p>\n\n\n\n<p>Grunds\u00e4tzlich trifft das Gesundheitsamt die Entscheidungen, ob Sch\u00fcler*Innen oder Kollegen*Innen sich in Quarant\u00e4ne begeben m\u00fcssen, ob Klassen oder ganze Jahrg\u00e4nge in Quarant\u00e4ne m\u00fcssen oder ob die gesamte Schule geschlossen wird. Die Schulleitung hat darauf keinen Einfluss. Diese Entscheidungen des Gesundheitsamts basieren auf den Risikoeinsch\u00e4tzungen, die sich aus mehreren Aspekten ergeben (z. B. Dauer des Zusammensein, Einhaltung des Mindestabstands, Freizeitverhalten, &#8230;). Diese Entscheidung kann im Einzelfall durch aus zu pers\u00f6nlichen H\u00e4rten f\u00fchren, was bedauerlich ist, dennoch gebe ich zu bedenken, dass diese Entscheidungen des Gesundheitsamts immer unter dem Hintergrund getroffen werden, die Schule als Ganzes zu sch\u00fctzen.<\/p>\n\n\n\n<p>Die Schulleitung bittet alle Erziehungsberechtigten, uns zu informieren, wenn w\u00e4hrend der Herbstferien Sch\u00fcler*Innen unter Quarant\u00e4ne gestellt wurden oder gar eine Infektion auftritt.<\/p>\n\n\n\n<p>Unser Corona-Hygiene-Ma\u00dfnahmen-Konzept wird st\u00e4ndig \u00fcberpr\u00fcft und ggf. neu angepasst. So lassen wir die Sch\u00fcler*Innen inzwischen vor Unterrichtsbeginn kontinuierlich das Schulgeb\u00e4ude betreten. Auch haben die Lehrkr\u00e4fte die Anweisung, Essenspausen individuell im Unterricht zu integrieren. F\u00fcr die Mittel- und Unterstufe werden wir nach den Herbstferien auch Aufenthaltsbereiche oder -r\u00e4ume f\u00fcr die Freistunden ausweisen. Da wir keine L\u00fcftung in den Unterrichtsr\u00e4umen besitzen, werden wir das L\u00fcften der R\u00e4ume alle 15-20 Minuten im Winterhalbjahr weiterf\u00fchren. Wir bitten Sie als Erziehungsberechtigte, auf eine warme Kleidung f\u00fcr Ihre Kinder zu achten.<\/p>\n\n\n\n<p>In den letzten Mitteilungen habe ich Sie informiert, dass die Lehrerversorgung sehr kritisch ist. Wir bekamen von der nieders\u00e4chsischen Landesschulbeh\u00f6rde eine Vertretungslehrkraft genehmigt. Wir werden versuchen, mit diesen Stunden und entsprechenden Umverteilungen die prek\u00e4re Situation in Deutsch in den Jahrg\u00e4ngen 10 und 11 zu entsch\u00e4rfen.<\/p>\n\n\n\n<p>F\u00fcr das zweite Halbjahr sind uns nunmehr verbindlich zwei Planstellen zugewiesen worden, dr\u00fccken Sie uns die Daumen, dass wir diese auch besetzen k\u00f6nnen.<\/p>\n\n\n\n<p>In welcher Form der Zukunftstag in diesem Schuljahr durchgef\u00fchrt werden kann, werden wir Anfang 2021 entscheiden.<\/p>\n\n\n\n<p>Das Betriebspraktikum im 11. Jahrgang ist in der bisherigen Form nicht zu realisieren, da viele Betriebe keine Praktikanten aufnehmen. Wir werden nach den Herbstferien eine Entscheidung treffen und ver\u00f6ffentlichen.<\/p>\n\n\n\n<p>Das mit der BBS gemeinsame Kooperationsprojekt \u201eMANAGEMENT INFORMATION GAME\u201c (MIG) wird in \u201eabgespeckter\u201c Form durchgef\u00fchrt werden k\u00f6nnen, die Planungen dazu laufen.<\/p>\n\n\n\n<p>Schulfahrten sind auf Grund der aktuellen Lage nach wie vor nicht zu verantworten. Wir m\u00fcssen alle abwarten, wie sich das Infektionsgeschehen entwickeln wird und ob dann im zweiten Halbjahr ggf. doch Schulfahrten m\u00f6glich werden. Nach dem neuesten Runderlass sind Buchungen zwar denkbar, <strong>entscheidend<\/strong> ist, dass <strong>das Reiseziel bei Buchung nicht als Risikogebiet ausgewiesen<\/strong> ist. Eint\u00e4gige Schulfahrten sind jedoch m\u00f6glich unter Einhaltung der Hygienevorgaben.<\/p>\n\n\n\n<p>Wie sicherlich vielen Erziehungsberechtigten bereits bekannt, ist das Mensageb\u00e4ude auf dem Schulcampus fertiggestellt. Wir werden daher zeitnah nach Wiederbeginn des Unterrichts in den Jahrg\u00e4ngen 5 bis 10 eine Abfrage der Erziehungsberechtigten zur Essenseinnahme der Sch\u00fcler*Innen in der Mensa durchf\u00fchren, um bei entsprechenden Bedarf die Planungen f\u00fcr die Umsetzung im laufenden Unterrichtsbetrieb aufnehmen zu k\u00f6nnen.<\/p>\n\n\n\n<p><em>Last not least<\/em> \u2013 ich bitte um Verst\u00e4ndnis, dass die erweiterte Schulleitung nicht auf jede Elternanfrage zeitnah antworten kann, viele Anfragen sind zudem an die Fach- und Klassenlehrkr\u00e4fte zu richten. Wir bitten auch um zuk\u00fcnftiges Verst\u00e4ndnis und Respektierung der Entscheidungen des Gesundheitsamts, sie dienen unserer aller Gesundheit!<\/p>\n\n\n\n<p>Erholen Sie sich weiterhin mit Ihren Kindern! Achten Sie auf sich und andere! Ich w\u00fcnsche mir, alle Sch\u00fcler*Innen bei Wiederbeginn des Unterrichts nach den Herbstferien am Gymnasium Bremerv\u00f6rde begr\u00fc\u00dfen zu k\u00f6nnen!<\/p>\n\n\n\n<p>Dr. Uwe Strohbach<br>(StD, komm. Schulleiter, im Namen der erweiterten Schulleitung)<\/p>\n","protected":false},"excerpt":{"rendered":"<p>In der letzten Woche vor den Herbstferien hat uns eine Corona-Infektion ereilt, eine Sch\u00fclerin aus dem 7. Jahrgang ist betroffen.<\/p>\n","protected":false},"author":1,"featured_media":988,"comment_status":"closed","ping_status":"open","sticky":false,"template":"","format":"standard","meta":{"footnotes":""},"categories":[1,6],"tags":[],"_links":{"self":[{"href":"https:\/\/www.gymbrv.de\/index.php\/wp-json\/wp\/v2\/posts\/986"}],"collection":[{"href":"https:\/\/www.gymbrv.de\/index.php\/wp-json\/wp\/v2\/posts"}],"about":[{"href":"https:\/\/www.gymbrv.de\/index.php\/wp-json\/wp\/v2\/types\/post"}],"author":[{"embeddable":true,"href":"https:\/\/www.gymbrv.de\/index.php\/wp-json\/wp\/v2\/users\/1"}],"replies":[{"embeddable":true,"href":"https:\/\/www.gymbrv.de\/index.php\/wp-json\/wp\/v2\/comments?post=986"}],"version-history":[{"count":3,"href":"https:\/\/www.gymbrv.de\/index.php\/wp-json\/wp\/v2\/posts\/986\/revisions"}],"predecessor-version":[{"id":991,"href":"https:\/\/www.gymbrv.de\/index.php\/wp-json\/wp\/v2\/posts\/986\/revisions\/991"}],"wp:featuredmedia":[{"embeddable":true,"href":"https:\/\/www.gymbrv.de\/index.php\/wp-json\/wp\/v2\/media\/988"}],"wp:attachment":[{"href":"https:\/\/www.gymbrv.de\/index.php\/wp-json\/wp\/v2\/media?parent=986"}],"wp:term":[{"taxonomy":"category","embeddable":true,"href":"https:\/\/www.gymbrv.de\/index.php\/wp-json\/wp\/v2\/categories?post=986"},{"taxonomy":"post_tag","embeddable":true,"href":"https:\/\/www.gymbrv.de\/index.php\/wp-json\/wp\/v2\/tags?post=986"}],"curies":[{"name":"wp","href":"https:\/\/api.w.org\/{rel}","templated":true}]}}